{"id":162216,"date":"2017-04-19T09:20:52","date_gmt":"2017-04-19T07:20:52","guid":{"rendered":"http:\/\/www.fuldaer-nachrichten.de\/?p=162216"},"modified":"2017-04-19T09:20:52","modified_gmt":"2017-04-19T07:20:52","slug":"viel-erlebt-bei-den-osteraktivtagen-der-malteser-jugend","status":"publish","type":"post","link":"https:\/\/www.fuldaernachrichten.de\/?p=162216","title":{"rendered":"Viel erlebt bei den OsterAktivTagen der Malteser Jugend"},"content":{"rendered":"<p>&nbsp;<\/p>\n<p>&nbsp;<\/p>\n<p>&nbsp;<\/p>\n<p><a href=\"http:\/\/www.fuldaer-nachrichten.de\/wp-content\/uploads\/2017\/04\/FullSizeRender.jpg\"><img fetchpriority=\"high\" decoding=\"async\" class=\"alignleft size-thumbnail wp-image-162225\" src=\"http:\/\/www.fuldaer-nachrichten.de\/wp-content\/uploads\/2017\/04\/FullSizeRender-265x199.jpg\" alt=\"\" width=\"265\" height=\"199\" srcset=\"https:\/\/www.fuldaernachrichten.de\/wp-content\/uploads\/2017\/04\/FullSizeRender-265x199.jpg 265w, https:\/\/www.fuldaernachrichten.de\/wp-content\/uploads\/2017\/04\/FullSizeRender-768x576.jpg 768w, https:\/\/www.fuldaernachrichten.de\/wp-content\/uploads\/2017\/04\/FullSizeRender-600x450.jpg 600w, https:\/\/www.fuldaernachrichten.de\/wp-content\/uploads\/2017\/04\/FullSizeRender.jpg 900w\" sizes=\"(max-width: 265px) 100vw, 265px\" \/><\/a>Was passiert, wenn Kinder selbst entscheiden k\u00f6nnen, wie sie ihre Ferienfreizeit gestalten? Pok\u00e9mon Go, Snapchat und einfach abh\u00e4ngen? Von wegen! 14 Kinder und Jugendliche zwischen neun und 16 Jahren lie\u00dfen sich auf ein Projekt der Malteser Jugend Fulda ein und besuchten die OsterAktivTage. Sie erlebten spannende Stunden, in denen sie staunten, wie leicht man Gutes tun und wie viel man mit \u201eTeamwork\u201c erreichen kann.<\/p>\n<p><a href=\"http:\/\/www.fuldaer-nachrichten.de\/wp-content\/uploads\/2017\/04\/3-1.jpg\"><img decoding=\"async\" class=\"alignleft size-thumbnail wp-image-162222\" src=\"http:\/\/www.fuldaer-nachrichten.de\/wp-content\/uploads\/2017\/04\/3-1-265x199.jpg\" alt=\"\" width=\"265\" height=\"199\" srcset=\"https:\/\/www.fuldaernachrichten.de\/wp-content\/uploads\/2017\/04\/3-1-265x199.jpg 265w, https:\/\/www.fuldaernachrichten.de\/wp-content\/uploads\/2017\/04\/3-1-768x576.jpg 768w, https:\/\/www.fuldaernachrichten.de\/wp-content\/uploads\/2017\/04\/3-1-600x450.jpg 600w, https:\/\/www.fuldaernachrichten.de\/wp-content\/uploads\/2017\/04\/3-1.jpg 900w\" sizes=\"(max-width: 265px) 100vw, 265px\" \/><\/a>Bei einem Vortreffen konnten die Kinder selbst Vorschl\u00e4ge einbringen, was sie machen wollten. Anschlie\u00dfend wurde abgestimmt. Die drei Tage wurden geplant, denn schlie\u00dflich hatten sich die Kinder viele Ziele gesetzt. Am Tag 1 stand Gartenarbeit auf dem Programm, der Pfarrgarten rund um die Kirche in Pilgerzell wurde aufger\u00e4umt und ges\u00e4ubert. F\u00fcr ihre harte Arbeit erhielten die Kinder von der Pfarrgemeinde eine Spende in H\u00f6he von 50 \u00e2\u201a\u00ac.<\/p>\n<p><a href=\"http:\/\/www.fuldaer-nachrichten.de\/wp-content\/uploads\/2017\/04\/IMG_4466.jpg\"><img decoding=\"async\" class=\"alignleft size-thumbnail wp-image-162223\" src=\"http:\/\/www.fuldaer-nachrichten.de\/wp-content\/uploads\/2017\/04\/IMG_4466-265x199.jpg\" alt=\"\" width=\"265\" height=\"199\" srcset=\"https:\/\/www.fuldaernachrichten.de\/wp-content\/uploads\/2017\/04\/IMG_4466-265x199.jpg 265w, https:\/\/www.fuldaernachrichten.de\/wp-content\/uploads\/2017\/04\/IMG_4466-768x576.jpg 768w, https:\/\/www.fuldaernachrichten.de\/wp-content\/uploads\/2017\/04\/IMG_4466-600x450.jpg 600w, https:\/\/www.fuldaernachrichten.de\/wp-content\/uploads\/2017\/04\/IMG_4466.jpg 900w\" sizes=\"(max-width: 265px) 100vw, 265px\" \/><\/a>Am n\u00e4chsten Tag gingen die Kinder zum \u201eOsterputz\u201c in die Fulda Auen und staunten, wie viel M\u00fcll sie dort vorfanden. Am Nachmittag besuchten sie den wieder er\u00f6ffneten Heimattiergarten. Am dritten Tag stand eine gro\u00dfe Entscheidung an. Was sollten sie mit ihrer Geldspende anfangen? Es gab es eine geheime Abstimmung, bei der sich die Kinder entschieden, das Geld dem Tierheim Fulda H\u00fcnfeld zukommen zu lassen, damit es Futter kaufen und medizinische Kosten f\u00fcr die Vierbeiner decken kann. Nach einer ausgedehnten F\u00fchrung durch das Tierheim wurde die Spende \u00fcbergeben und ein Spaziergang mit mehreren Hunden organisiert. Trotz all der vielen selbst gestellten Aufgaben durften Spa\u00df und Spiel nicht fehlen. So gab es noch einen Erste-Hilfe-Workshop und zum Abschluss f\u00fcr alle ein gro\u00dfes Eis.<a href=\"http:\/\/www.fuldaer-nachrichten.de\/wp-content\/uploads\/2017\/04\/2-1.jpg\"><img loading=\"lazy\" decoding=\"async\" class=\"alignleft size-thumbnail wp-image-162226\" src=\"http:\/\/www.fuldaer-nachrichten.de\/wp-content\/uploads\/2017\/04\/2-1-265x199.jpg\" alt=\"\" width=\"265\" height=\"199\" srcset=\"https:\/\/www.fuldaernachrichten.de\/wp-content\/uploads\/2017\/04\/2-1-265x199.jpg 265w, https:\/\/www.fuldaernachrichten.de\/wp-content\/uploads\/2017\/04\/2-1-768x576.jpg 768w, https:\/\/www.fuldaernachrichten.de\/wp-content\/uploads\/2017\/04\/2-1-600x450.jpg 600w, https:\/\/www.fuldaernachrichten.de\/wp-content\/uploads\/2017\/04\/2-1.jpg 900w\" sizes=\"(max-width: 265px) 100vw, 265px\" \/><\/a><\/p>\n","protected":false},"excerpt":{"rendered":"<div class=\"tmnf_excerpt\"><p>&nbsp; &nbsp; &nbsp; Was passiert, wenn Kinder selbst entscheiden k\u00f6nnen, wie sie ihre Ferienfreizeit gestalten? Pok\u00e9mon Go, Snapchat und einfach abh\u00e4ngen? Von wegen! 14 Kinder und Jugendliche zwischen neun und 16 Jahren lie\u00dfen sich auf ein Projekt der Malteser Jugend Fulda ein und besuchten die OsterAktivTage. Sie erlebten spannende Stunden, in denen sie staunten, wie &hellip;<\/p>\n<\/div>","protected":false},"author":1,"featured_media":162227,"comment_status":"closed","ping_status":"closed","sticky":false,"template":"","format":"standard","meta":{"footnotes":""},"categories":[1],"tags":[],"class_list":["post-162216","post","type-post","status-publish","format-standard","has-post-thumbnail","hentry","category-startseite"],"_links":{"self":[{"href":"https:\/\/www.fuldaernachrichten.de\/index.php?rest_route=\/wp\/v2\/posts\/162216","targetHints":{"allow":["GET"]}}],"collection":[{"href":"https:\/\/www.fuldaernachrichten.de\/index.php?rest_route=\/wp\/v2\/posts"}],"about":[{"href":"https:\/\/www.fuldaernachrichten.de\/index.php?rest_route=\/wp\/v2\/types\/post"}],"author":[{"embeddable":true,"href":"https:\/\/www.fuldaernachrichten.de\/index.php?rest_route=\/wp\/v2\/users\/1"}],"replies":[{"embeddable":true,"href":"https:\/\/www.fuldaernachrichten.de\/index.php?rest_route=%2Fwp%2Fv2%2Fcomments&post=162216"}],"version-history":[{"count":1,"href":"https:\/\/www.fuldaernachrichten.de\/index.php?rest_route=\/wp\/v2\/posts\/162216\/revisions"}],"predecessor-version":[{"id":162228,"href":"https:\/\/www.fuldaernachrichten.de\/index.php?rest_route=\/wp\/v2\/posts\/162216\/revisions\/162228"}],"wp:featuredmedia":[{"embeddable":true,"href":"https:\/\/www.fuldaernachrichten.de\/index.php?rest_route=\/wp\/v2\/media\/162227"}],"wp:attachment":[{"href":"https:\/\/www.fuldaernachrichten.de\/index.php?rest_route=%2Fwp%2Fv2%2Fmedia&parent=162216"}],"wp:term":[{"taxonomy":"category","embeddable":true,"href":"https:\/\/www.fuldaernachrichten.de\/index.php?rest_route=%2Fwp%2Fv2%2Fcategories&post=162216"},{"taxonomy":"post_tag","embeddable":true,"href":"https:\/\/www.fuldaernachrichten.de\/index.php?rest_route=%2Fwp%2Fv2%2Ftags&post=162216"}],"curies":[{"name":"wp","href":"https:\/\/api.w.org\/{rel}","templated":true}]}}