{"id":162208,"date":"2017-04-19T09:18:27","date_gmt":"2017-04-19T07:18:27","guid":{"rendered":"http:\/\/www.fuldaer-nachrichten.de\/?p=162208"},"modified":"2017-04-19T09:18:27","modified_gmt":"2017-04-19T07:18:27","slug":"awo-informationsveranstaltung-patientenverfuegungen-am-mi-26-04-2017-um-1700-uhr-awo-fulda-frankfurter-str-28","status":"publish","type":"post","link":"https:\/\/www.fuldaernachrichten.de\/?p=162208","title":{"rendered":"AWO Informationsveranstaltung \u00e2\u20ac\u0161Patientenverf\u00fcgungen\u00e2\u20ac\u2122 am Mi. 26.04.2017 um 17:00 Uhr, AWO Fulda, Frankfurter Str. 28"},"content":{"rendered":"<p>Mit einer Patientenverf\u00fcgung k\u00f6nnen Sie rechtzeitig festlegen, welche medizinischen Behandlungen Sie m\u00f6chten bzw. nicht m\u00f6chten, wenn Sie ihren Willen nicht mehr wirksam \u00e4u\u00dfern k\u00f6nnen.<\/p>\n<p>Die Fachanw\u00e4ltin f\u00fcr Sozialrecht Miriam Sturm erl\u00e4utert die Inhalte einer Patientenverf\u00fcgung und zeigt m\u00f6gliche Risiken und Konsequenzen auf.<\/p>\n<p>Eine Anmeldung zur Teilnahme ist erforderlich: Telefon: 0661-480045-32 oder eMail an <a href=\"mailto:verwaltungBV@awo-fulda.de\">verwaltungBV@awo-fulda.de<\/a><\/p>\n","protected":false},"excerpt":{"rendered":"<div class=\"tmnf_excerpt\"><p>Mit einer Patientenverf\u00fcgung k\u00f6nnen Sie rechtzeitig festlegen, welche medizinischen Behandlungen Sie m\u00f6chten bzw. nicht m\u00f6chten, wenn Sie ihren Willen nicht mehr wirksam \u00e4u\u00dfern k\u00f6nnen. Die Fachanw\u00e4ltin f\u00fcr Sozialrecht Miriam Sturm erl\u00e4utert die Inhalte einer Patientenverf\u00fcgung und zeigt m\u00f6gliche Risiken und Konsequenzen auf. Eine Anmeldung zur Teilnahme ist erforderlich: Telefon: 0661-480045-32 oder eMail an verwaltungBV@awo-fulda.de<\/p>\n<\/div>","protected":false},"author":1,"featured_media":0,"comment_status":"closed","ping_status":"closed","sticky":false,"template":"","format":"standard","meta":{"footnotes":""},"categories":[1],"tags":[],"class_list":["post-162208","post","type-post","status-publish","format-standard","hentry","category-startseite"],"_links":{"self":[{"href":"https:\/\/www.fuldaernachrichten.de\/index.php?rest_route=\/wp\/v2\/posts\/162208","targetHints":{"allow":["GET"]}}],"collection":[{"href":"https:\/\/www.fuldaernachrichten.de\/index.php?rest_route=\/wp\/v2\/posts"}],"about":[{"href":"https:\/\/www.fuldaernachrichten.de\/index.php?rest_route=\/wp\/v2\/types\/post"}],"author":[{"embeddable":true,"href":"https:\/\/www.fuldaernachrichten.de\/index.php?rest_route=\/wp\/v2\/users\/1"}],"replies":[{"embeddable":true,"href":"https:\/\/www.fuldaernachrichten.de\/index.php?rest_route=%2Fwp%2Fv2%2Fcomments&post=162208"}],"version-history":[{"count":1,"href":"https:\/\/www.fuldaernachrichten.de\/index.php?rest_route=\/wp\/v2\/posts\/162208\/revisions"}],"predecessor-version":[{"id":162218,"href":"https:\/\/www.fuldaernachrichten.de\/index.php?rest_route=\/wp\/v2\/posts\/162208\/revisions\/162218"}],"wp:attachment":[{"href":"https:\/\/www.fuldaernachrichten.de\/index.php?rest_route=%2Fwp%2Fv2%2Fmedia&parent=162208"}],"wp:term":[{"taxonomy":"category","embeddable":true,"href":"https:\/\/www.fuldaernachrichten.de\/index.php?rest_route=%2Fwp%2Fv2%2Fcategories&post=162208"},{"taxonomy":"post_tag","embeddable":true,"href":"https:\/\/www.fuldaernachrichten.de\/index.php?rest_route=%2Fwp%2Fv2%2Ftags&post=162208"}],"curies":[{"name":"wp","href":"https:\/\/api.w.org\/{rel}","templated":true}]}}