{"id":162207,"date":"2017-04-19T09:18:15","date_gmt":"2017-04-19T07:18:15","guid":{"rendered":"http:\/\/www.fuldaer-nachrichten.de\/?p=162207"},"modified":"2017-04-19T09:18:15","modified_gmt":"2017-04-19T07:18:15","slug":"preisboerse24-kooperiert-mit-amazon","status":"publish","type":"post","link":"https:\/\/www.fuldaernachrichten.de\/?p=162207","title":{"rendered":"preisboerse24 kooperiert mit Amazon"},"content":{"rendered":"<p>In der Handybranche ist es das Ger\u00fccht das Jahres: Der weltgr\u00f6\u00dfte Online-H\u00e4ndler Amazon will wieder gro\u00df ins Mobilfunkgesch\u00e4ft einsteigen. Eine gewichtige Rolle einnehmen k\u00f6nnte dabei das Fuldaer Vergleichsportal preisboerse24, das seit kurzem Handy-Vertr\u00e4ge \u00fcber Amazon vermittelt.<\/p>\n<p>Ahmet G\u00fclay, Gesch\u00e4ftsf\u00fchrer der preisboerse24, spricht bereits vom \u201ebesten Abschluss in der Firmengeschichte\u201c \u2013 jedoch nicht, was Zahlen betrifft, sondern gem\u00fcnzt auf Zukunftserwartungen und die St\u00e4rke des Partners. Wer bei Amazon mitspielt, spielt auf dem gr\u00f6\u00dften und m\u00e4chtigsten Marktplatz der Welt mit Zugang zu Millionen von Kunden. Dass Amazon Prime nun Mobilfunkangebote der preisboerse24 anbietet, ist f\u00fcr das inhabergef\u00fchrte Fuldaer Unternehmen nicht nur ein Ritterschlag, sondern auch eine Riesenchance, weiter zu wachsen.<\/p>\n<p>Alles begann vor einigen Monaten, als die preisboerse24-Inhaber Ahmet G\u00fclay und Timo Fleischmann ihre gesch\u00e4ftlichen Ziele neu ordneten und mit Vertriebsleiter Stefan Langer in Verhandlungen mit Amazon traten. Mit mehr als zwei Jahrzehnten Knowhow bei der Online-Vermarktung von Mobilfunkvertr\u00e4gen im R\u00fccken war die Position der Fuldaer sicherlich nicht die schlechteste, doch dass Amazon bereits nach kurzer Zeit der preisboerse24 den Vorzug gegen\u00fcber gro\u00dfen Konkurrenten gab, damit h\u00e4tte das 1994 in Fulda gegr\u00fcndete Unternehmen nicht gerechnet.<\/p>\n<p>Die preisboerse24 vermittelt nun Mobilfunkvertr\u00e4ge des Netzbetreibers Vodafone und seiner Tochter Otelo exklusiv \u00fcber die Plattform Amazon Prime. Die preisboerse24 agiert dabei im Hintergrund: Interessenten, die nach entsprechenden Produkten suchen, sehen die Artikel als Angebote von Amazon. Erst wenn die SIM-Karte \u00fcber die Seite www.selbst-aktivieren.de freigeschaltet wird, taucht am Fu\u00df der Seite das peisboerse24-Logo auf.<\/p>\n<p>Noch ist das neue Angebot nur ein kleiner expansiver Schritt f\u00fcr die preisboerse24, doch es l\u00e4sst aufhorchen, dass der Vollzug zeitgleich mit den Ger\u00fcchten gemeldet wird, Amazon plane einen Gro\u00dfangriff im Mobilfunkgesch\u00e4ft mit eigenen Tarifen. Schon einmal hatte der weltgr\u00f6\u00dfte Online-H\u00e4ndler einen Versuch gestartet, im umk\u00e4mpften Handymarkt Fu\u00df zu fassen, war aber vor drei Jahren mit seinem iPhone-Konkurrenten \u201eFire Phone\u201c gescheitert. Unbest\u00e4tigten Angaben zufolge war es mit einem Verlust von bis zu einer Milliarde Dollar der gr\u00f6\u00dfte Flop der Firmengeschichte.<\/p>\n<p>Jetzt w\u00e4re es durchaus naheliegend, dass die preisboerse24, die als Sponsor der Fu\u00dfball-Bundesligisten Schalke 04 und Eintracht Frankfurt bereits eigene Fantarife aufgelegt hat, ihre Erfahrung in diesem Bereich auch bei der Entwicklung von Amazon-Tarifen einbringt. \u201eNat\u00fcrlich versprechen wir uns von der Kooperation so einiges\u201c, sagt G\u00fclay, schr\u00e4nkt aber zugleich ein: \u201eAuch wenn wir \u00fcbergl\u00fccklich sind: Wir stehen noch ganz am Anfang, die gr\u00f6\u00dften Herausforderungen haben wir noch vor uns.\u201c<\/p>\n<p>Die preisboerse24 ist der volumenst\u00e4rkste inhabergef\u00fchrte Handyshop und geh\u00f6rt zu den drei wichtigsten Versandh\u00e4ndlern im Mobilfunkbereich. F\u00fcr seine innovativen Produkte und Strategien wurde das Unternehmen bereits mehrfach von der renommierten internationalen Wirtschaftspr\u00fcfungsgesellschaft Deloitte ausgezeichnet \u2013 zuletzt 2016.<br \/>\nIm Ranking der 50 am schnellsten wachsenden Technologieunternehmen in Deutschland (\u201eTechnology Fast 50\u201c) lag die preisboerse24 im Jahr 2016 auf Platz 20.<\/p>\n","protected":false},"excerpt":{"rendered":"<div class=\"tmnf_excerpt\"><p>In der Handybranche ist es das Ger\u00fccht das Jahres: Der weltgr\u00f6\u00dfte Online-H\u00e4ndler Amazon will wieder gro\u00df ins Mobilfunkgesch\u00e4ft einsteigen. Eine gewichtige Rolle einnehmen k\u00f6nnte dabei das Fuldaer Vergleichsportal preisboerse24, das seit kurzem Handy-Vertr\u00e4ge \u00fcber Amazon vermittelt. Ahmet G\u00fclay, Gesch\u00e4ftsf\u00fchrer der preisboerse24, spricht bereits vom \u201ebesten Abschluss in der Firmengeschichte\u201c \u2013 jedoch nicht, was Zahlen betrifft, &hellip;<\/p>\n<\/div>","protected":false},"author":1,"featured_media":162214,"comment_status":"closed","ping_status":"closed","sticky":false,"template":"","format":"standard","meta":{"footnotes":""},"categories":[1],"tags":[],"class_list":["post-162207","post","type-post","status-publish","format-standard","has-post-thumbnail","hentry","category-startseite"],"_links":{"self":[{"href":"https:\/\/www.fuldaernachrichten.de\/index.php?rest_route=\/wp\/v2\/posts\/162207","targetHints":{"allow":["GET"]}}],"collection":[{"href":"https:\/\/www.fuldaernachrichten.de\/index.php?rest_route=\/wp\/v2\/posts"}],"about":[{"href":"https:\/\/www.fuldaernachrichten.de\/index.php?rest_route=\/wp\/v2\/types\/post"}],"author":[{"embeddable":true,"href":"https:\/\/www.fuldaernachrichten.de\/index.php?rest_route=\/wp\/v2\/users\/1"}],"replies":[{"embeddable":true,"href":"https:\/\/www.fuldaernachrichten.de\/index.php?rest_route=%2Fwp%2Fv2%2Fcomments&post=162207"}],"version-history":[{"count":1,"href":"https:\/\/www.fuldaernachrichten.de\/index.php?rest_route=\/wp\/v2\/posts\/162207\/revisions"}],"predecessor-version":[{"id":162217,"href":"https:\/\/www.fuldaernachrichten.de\/index.php?rest_route=\/wp\/v2\/posts\/162207\/revisions\/162217"}],"wp:featuredmedia":[{"embeddable":true,"href":"https:\/\/www.fuldaernachrichten.de\/index.php?rest_route=\/wp\/v2\/media\/162214"}],"wp:attachment":[{"href":"https:\/\/www.fuldaernachrichten.de\/index.php?rest_route=%2Fwp%2Fv2%2Fmedia&parent=162207"}],"wp:term":[{"taxonomy":"category","embeddable":true,"href":"https:\/\/www.fuldaernachrichten.de\/index.php?rest_route=%2Fwp%2Fv2%2Fcategories&post=162207"},{"taxonomy":"post_tag","embeddable":true,"href":"https:\/\/www.fuldaernachrichten.de\/index.php?rest_route=%2Fwp%2Fv2%2Ftags&post=162207"}],"curies":[{"name":"wp","href":"https:\/\/api.w.org\/{rel}","templated":true}]}}