{"id":162205,"date":"2017-04-19T09:16:51","date_gmt":"2017-04-19T07:16:51","guid":{"rendered":"http:\/\/www.fuldaer-nachrichten.de\/?p=162205"},"modified":"2017-04-19T09:16:51","modified_gmt":"2017-04-19T07:16:51","slug":"landrat-manfred-goerig-besucht-psychosoziale-kontakt-und-beratungsstelle-der-vogelsberger-lebensraeume","status":"publish","type":"post","link":"https:\/\/www.fuldaernachrichten.de\/?p=162205","title":{"rendered":"Landrat Manfred G\u00f6rig besucht Psychosoziale Kontakt- und Beratungsstelle der Vogelsberger Lebensr\u00e4ume"},"content":{"rendered":"<p><strong>Die Vogelsberger Lebensr\u00e4ume sind seit rund 25 Jahren einziger Tr\u00e4ger im Kreis, der eine \u201ePsychosoziale Kontakt- und Beratungsstelle\u201c (PSKB) f\u00fcr Menschen mit Beratungsbedarf vorh\u00e4lt. Das Besondere daran ist: Jeder Mensch mit psychischen Problemen oder Erkrankungen \u2013 auch deren Angeh\u00f6rige \u2013 k\u00f6nnen sich dorthin wenden. Es gibt keine Zugangsvoraussetzungen, die Beratung ist kostenfrei und erfolgt auf Wunsch auch anonym. Landrat Manfred G\u00f6rig besuchte die Einrichtung in Lauterbach mit der j\u00e4hrlichen Zuwendung des Kreises im Gep\u00e4ck, um sich vor Ort \u00fcber die Arbeit zu informieren.<\/strong><\/p>\n<p><strong>\u00c2\u00a0<\/strong><\/p>\n<p>\u201eIch m\u00f6chte mir gerne selbst ein Bild machen und h\u00f6ren, wie die Lage vor Ort ist, wie sich die Arbeit im Laufe der Jahre ver\u00e4ndert hat\u201c, er\u00f6ffnete Landrat G\u00f6rig das Gespr\u00e4ch. Der Kreis gibt j\u00e4hrlich 30 Tausend Euro an die Beratungsstelle, die au\u00dferdem vom Landeswohlfahrtsverband und den Gemeinden mitfinanziert wird. An den Standorten Alsfeld und Lauterbach werden Beratung, Gruppen- und Freizeitangebote vorgehalten, au\u00dferdem finden in Grebenhain, Schlitz, M\u00fccke, Schotten und Homberg Termine nach Vereinbarung statt. Im Jahr 2016 lie\u00dfen sich knapp 400 Personen telefonisch beraten, 460 nutzten das Angebot zur pers\u00f6nlichen Beratung, es gab 344 Neuanmeldungen und 127 Personen wurden vom Vorjahr weiter betreut.<\/p>\n<p>Laut Claudia van den Berg, der Beraterin in der PSKB Lauterbach, hat es im Laufe der Zeit Ver\u00e4nderungen gegeben: \u201eHeute sind es meist multiple Probleme, mit denen ein Mensch in die Beratung kommt, oft auch famili\u00e4re\u201c, erkl\u00e4rt sie, \u201efr\u00fcher kamen eher Menschen mit einer festen Diagnose wie einer Depression oder einem Waschzwang.\u201c Es k\u00f6nne zwar jede B\u00fcrgerin und jeder B\u00fcrger das Beratungsangebot nutzen, dennoch seien es sehr viele aus dem Hartz-IV-Bezug, es gebe eine enge Kooperation mit dem kommunalen Jobcenter KVA. Der Anteil derjenigen, die einen Wert- und Sinnverlust durch Arbeitslosigkeit, Krankheit oder Alter erlebten, habe zugenommen. Ziel sei es, mit diesen Menschen Wege aus ihrer schwierigen Situation zu finden und neue Perspektiven zu entwickeln.<\/p>\n<p>&nbsp;<\/p>\n<p>Weitere Themen waren die Umsetzung des neuen Bundesteilhabegesetzes, das Konzept der Sozialraumorientierung sowie eine stetige Verbesserung der Zusammenarbeit in allen Bereichen der Daseinsvorsorge.<\/p>\n<p>&nbsp;<\/p>\n","protected":false},"excerpt":{"rendered":"<div class=\"tmnf_excerpt\"><p>Die Vogelsberger Lebensr\u00e4ume sind seit rund 25 Jahren einziger Tr\u00e4ger im Kreis, der eine \u201ePsychosoziale Kontakt- und Beratungsstelle\u201c (PSKB) f\u00fcr Menschen mit Beratungsbedarf vorh\u00e4lt. Das Besondere daran ist: Jeder Mensch mit psychischen Problemen oder Erkrankungen \u2013 auch deren Angeh\u00f6rige \u2013 k\u00f6nnen sich dorthin wenden. Es gibt keine Zugangsvoraussetzungen, die Beratung ist kostenfrei und erfolgt auf &hellip;<\/p>\n<\/div>","protected":false},"author":1,"featured_media":162209,"comment_status":"closed","ping_status":"closed","sticky":false,"template":"","format":"standard","meta":{"footnotes":""},"categories":[1],"tags":[],"class_list":["post-162205","post","type-post","status-publish","format-standard","has-post-thumbnail","hentry","category-startseite"],"_links":{"self":[{"href":"https:\/\/www.fuldaernachrichten.de\/index.php?rest_route=\/wp\/v2\/posts\/162205","targetHints":{"allow":["GET"]}}],"collection":[{"href":"https:\/\/www.fuldaernachrichten.de\/index.php?rest_route=\/wp\/v2\/posts"}],"about":[{"href":"https:\/\/www.fuldaernachrichten.de\/index.php?rest_route=\/wp\/v2\/types\/post"}],"author":[{"embeddable":true,"href":"https:\/\/www.fuldaernachrichten.de\/index.php?rest_route=\/wp\/v2\/users\/1"}],"replies":[{"embeddable":true,"href":"https:\/\/www.fuldaernachrichten.de\/index.php?rest_route=%2Fwp%2Fv2%2Fcomments&post=162205"}],"version-history":[{"count":1,"href":"https:\/\/www.fuldaernachrichten.de\/index.php?rest_route=\/wp\/v2\/posts\/162205\/revisions"}],"predecessor-version":[{"id":162210,"href":"https:\/\/www.fuldaernachrichten.de\/index.php?rest_route=\/wp\/v2\/posts\/162205\/revisions\/162210"}],"wp:featuredmedia":[{"embeddable":true,"href":"https:\/\/www.fuldaernachrichten.de\/index.php?rest_route=\/wp\/v2\/media\/162209"}],"wp:attachment":[{"href":"https:\/\/www.fuldaernachrichten.de\/index.php?rest_route=%2Fwp%2Fv2%2Fmedia&parent=162205"}],"wp:term":[{"taxonomy":"category","embeddable":true,"href":"https:\/\/www.fuldaernachrichten.de\/index.php?rest_route=%2Fwp%2Fv2%2Fcategories&post=162205"},{"taxonomy":"post_tag","embeddable":true,"href":"https:\/\/www.fuldaernachrichten.de\/index.php?rest_route=%2Fwp%2Fv2%2Ftags&post=162205"}],"curies":[{"name":"wp","href":"https:\/\/api.w.org\/{rel}","templated":true}]}}