{"id":162201,"date":"2017-04-18T08:06:18","date_gmt":"2017-04-18T06:06:18","guid":{"rendered":"http:\/\/www.fuldaer-nachrichten.de\/?p=162201"},"modified":"2017-04-18T08:06:18","modified_gmt":"2017-04-18T06:06:18","slug":"wie-war-das-juedisches-leben-in-der-rhoen","status":"publish","type":"post","link":"https:\/\/www.fuldaernachrichten.de\/?p=162201","title":{"rendered":"Wie war das: J\u00fcdisches Leben in der Rh\u00f6n?"},"content":{"rendered":"<p><a href=\"http:\/\/www.fuldaer-nachrichten.de\/wp-content\/uploads\/2017\/04\/synagoge_innen.jpg\"><img decoding=\"async\" class=\"alignleft size-thumbnail wp-image-162203\" src=\"http:\/\/www.fuldaer-nachrichten.de\/wp-content\/uploads\/2017\/04\/synagoge_innen-265x176.jpg\" alt=\"\" width=\"265\" height=\"176\" srcset=\"https:\/\/www.fuldaernachrichten.de\/wp-content\/uploads\/2017\/04\/synagoge_innen-265x176.jpg 265w, https:\/\/www.fuldaernachrichten.de\/wp-content\/uploads\/2017\/04\/synagoge_innen-768x509.jpg 768w, https:\/\/www.fuldaernachrichten.de\/wp-content\/uploads\/2017\/04\/synagoge_innen-600x398.jpg 600w, https:\/\/www.fuldaernachrichten.de\/wp-content\/uploads\/2017\/04\/synagoge_innen.jpg 900w\" sizes=\"(max-width: 265px) 100vw, 265px\" \/><\/a>Fast 100 Menschen geh\u00f6rten zur Bl\u00fctezeit um 1890 zur j\u00fcdischen Gemeinde Heubachs, das damals rund 800 Einwohner hatte. Doch wie sah j\u00fcdisches Leben in Heubach aus? Was pr\u00e4gte den Alltag? Inge Hohmann (Petersberg) hat die Lebensbedingungen und den Alltag der j\u00fcdischen Bewohner ihres Heimatorts W\u00fcstensachsen erforscht. Dar\u00fcber wird sie am Montag, 24. April, auf Einladung des F\u00f6rdervereins Landsynagoge Heubach in einem Vortrag in Heubachs ehemaliger Synagoge berichten. Der Schwerpunkt wird auf dem 19. Jahrhundert liegen und die soziale, politischen und wirtschaftliche Situation der j\u00fcdischen Dorfbewohner in den Blick nehmen. Die \u00c4hnlichkeiten der Lebensbedingungen in Rh\u00f6nd\u00f6rfern wird sicherlich interessante R\u00fcckschl\u00fcsse auf das Leben der Heubacher Juden erlauben.<\/p>\n<p>Der Vortrag beginnt um 19.30 Uhr. Der Eintritt ist frei; es wird um eine Spende gebeten.<\/p>\n<p>&nbsp;<\/p>\n","protected":false},"excerpt":{"rendered":"<div class=\"tmnf_excerpt\"><p>Fast 100 Menschen geh\u00f6rten zur Bl\u00fctezeit um 1890 zur j\u00fcdischen Gemeinde Heubachs, das damals rund 800 Einwohner hatte. Doch wie sah j\u00fcdisches Leben in Heubach aus? Was pr\u00e4gte den Alltag? Inge Hohmann (Petersberg) hat die Lebensbedingungen und den Alltag der j\u00fcdischen Bewohner ihres Heimatorts W\u00fcstensachsen erforscht. Dar\u00fcber wird sie am Montag, 24. April, auf Einladung &hellip;<\/p>\n<\/div>","protected":false},"author":1,"featured_media":162202,"comment_status":"closed","ping_status":"closed","sticky":false,"template":"","format":"standard","meta":{"footnotes":""},"categories":[1],"tags":[],"class_list":["post-162201","post","type-post","status-publish","format-standard","has-post-thumbnail","hentry","category-startseite"],"_links":{"self":[{"href":"https:\/\/www.fuldaernachrichten.de\/index.php?rest_route=\/wp\/v2\/posts\/162201","targetHints":{"allow":["GET"]}}],"collection":[{"href":"https:\/\/www.fuldaernachrichten.de\/index.php?rest_route=\/wp\/v2\/posts"}],"about":[{"href":"https:\/\/www.fuldaernachrichten.de\/index.php?rest_route=\/wp\/v2\/types\/post"}],"author":[{"embeddable":true,"href":"https:\/\/www.fuldaernachrichten.de\/index.php?rest_route=\/wp\/v2\/users\/1"}],"replies":[{"embeddable":true,"href":"https:\/\/www.fuldaernachrichten.de\/index.php?rest_route=%2Fwp%2Fv2%2Fcomments&post=162201"}],"version-history":[{"count":1,"href":"https:\/\/www.fuldaernachrichten.de\/index.php?rest_route=\/wp\/v2\/posts\/162201\/revisions"}],"predecessor-version":[{"id":162204,"href":"https:\/\/www.fuldaernachrichten.de\/index.php?rest_route=\/wp\/v2\/posts\/162201\/revisions\/162204"}],"wp:featuredmedia":[{"embeddable":true,"href":"https:\/\/www.fuldaernachrichten.de\/index.php?rest_route=\/wp\/v2\/media\/162202"}],"wp:attachment":[{"href":"https:\/\/www.fuldaernachrichten.de\/index.php?rest_route=%2Fwp%2Fv2%2Fmedia&parent=162201"}],"wp:term":[{"taxonomy":"category","embeddable":true,"href":"https:\/\/www.fuldaernachrichten.de\/index.php?rest_route=%2Fwp%2Fv2%2Fcategories&post=162201"},{"taxonomy":"post_tag","embeddable":true,"href":"https:\/\/www.fuldaernachrichten.de\/index.php?rest_route=%2Fwp%2Fv2%2Ftags&post=162201"}],"curies":[{"name":"wp","href":"https:\/\/api.w.org\/{rel}","templated":true}]}}