{"id":162162,"date":"2017-04-17T08:27:12","date_gmt":"2017-04-17T06:27:12","guid":{"rendered":"http:\/\/www.fuldaer-nachrichten.de\/?p=162162"},"modified":"2017-04-17T08:30:26","modified_gmt":"2017-04-17T06:30:26","slug":"schnuppertauchen-am-26-04-2017","status":"publish","type":"post","link":"https:\/\/www.fuldaernachrichten.de\/?p=162162","title":{"rendered":"Schnuppertauchen am 26.04.2017"},"content":{"rendered":"<p>Lust auf Urlaub? M\u00f6chten Sie schwereloses Schweben unter Wasser erleben, im kommenden Urlaub richtig durchstarten und die Unterwasserwelt ergr\u00fcnden????<\/p>\n<p>JAAA, dann sind Sie hier genau richtig\u00e2\u20ac\u00a6<\/p>\n<p>Mit diesem <b>Schnuppertauchkurs<\/b> wird allen Wasserratten und denen, die es noch werden wollen, ein einmaliges Taucherlebnis geboten.<\/p>\n<p><b>Tauchen<\/b> ist ein faszinierender Sport, der sowohl Neulinge wie auch alte Hasen immer wieder begeistert.\u00c2\u00a0Abzutauchen und durch eine Welt zu gleiten die durch ihre Farbenpracht und Formenvielfalt gl\u00e4nzt, l\u00e4sst jedes Taucherherz h\u00f6her schlagen, auch Ihres?<\/p>\n<p>Finden Sie es beim Schnuppertauchen der\u00c2\u00a0Tauchsportgemeinschaft Fulda 1980 heraus!\u00c2\u00a0Treffpunkt ist am 26.04.2017\u00c2\u00a0um 18.00 Uhr im Eingangsbereich des Esperanto Bades.\u00c2\u00a0Jugendliche zwischen 12 und 18 Jahren ben\u00f6tigen eine Einverst\u00e4ndniserkl\u00e4rung der Eltern welche auf der Vereins &#8211; Homepage <a href=\"http:\/\/l.facebook.com\/l.php?u=http%253A%252F%252Fwww.tsg-fulda.de%252F&amp;h=oAQGFzGVFAQFqhmmuMkIBTaIFgO-083xIgz6dMc7dtfBiUw&amp;enc=AZOdZEkAVK536dXvwvThJK5pE48Nw0iX39VethZ7Yi58Fain1jDvrSPrJp-ie0veAWTvMVVM_EMoAP9EiUl-FdeJUkiXsIkF7KnfFU7SNYmzlbmvjGX6i3O00uuV2Ie3_Fk6KC6Bl0j2Y8Mc6cQqzEonBTsazxT7c3s4I04vh-VFvJNKItZuVHezzblfm6qh9mmM5ExpD_dfSOrrum2Xf75F&amp;s=1\">www.tsg-fulda.de<\/a> heruntergeladen werden kann.\u00c2\u00a0Mitzubringen sind Badesachen und falls vorhanden Maske und Flossen.\u00c2\u00a0Die komplette Ausr\u00fcstung wird vom Verein gestellt.\u00c2\u00a0Damit ein reibungsloser Ablauf gew\u00e4hrleistet werden kann und gen\u00fcgend Equipment vorhanden ist, werden alle Interessierten gebeten sich vorher anzumelden bei:<\/p>\n<p>Andreas Franke<br \/>\nTel.: 06648 919336<br \/>\nHandy: 0151 22233768<br \/>\nMail: Ausbildungsleiter@tsg-fulda.de<\/p>\n<p>Selbstverst\u00e4ndlich steht Ihnen Herr Franke auch f\u00fcr R\u00fcckfragen zur Verf\u00fcgung.<\/p>\n<p>Kontakt zur TSG<br \/>\nTauchsportgemeinschaft Fulda<br \/>\nGallasiniring 20<br \/>\n36043 Fulda<\/p>\n","protected":false},"excerpt":{"rendered":"<div class=\"tmnf_excerpt\"><p>Lust auf Urlaub? M\u00f6chten Sie schwereloses Schweben unter Wasser erleben, im kommenden Urlaub richtig durchstarten und die Unterwasserwelt ergr\u00fcnden???? JAAA, dann sind Sie hier genau richtig\u00e2\u20ac\u00a6 Mit diesem Schnuppertauchkurs wird allen Wasserratten und denen, die es noch werden wollen, ein einmaliges Taucherlebnis geboten. Tauchen ist ein faszinierender Sport, der sowohl Neulinge wie auch alte Hasen &hellip;<\/p>\n<\/div>","protected":false},"author":1,"featured_media":162169,"comment_status":"closed","ping_status":"closed","sticky":false,"template":"","format":"standard","meta":{"footnotes":""},"categories":[1],"tags":[],"class_list":["post-162162","post","type-post","status-publish","format-standard","has-post-thumbnail","hentry","category-startseite"],"_links":{"self":[{"href":"https:\/\/www.fuldaernachrichten.de\/index.php?rest_route=\/wp\/v2\/posts\/162162","targetHints":{"allow":["GET"]}}],"collection":[{"href":"https:\/\/www.fuldaernachrichten.de\/index.php?rest_route=\/wp\/v2\/posts"}],"about":[{"href":"https:\/\/www.fuldaernachrichten.de\/index.php?rest_route=\/wp\/v2\/types\/post"}],"author":[{"embeddable":true,"href":"https:\/\/www.fuldaernachrichten.de\/index.php?rest_route=\/wp\/v2\/users\/1"}],"replies":[{"embeddable":true,"href":"https:\/\/www.fuldaernachrichten.de\/index.php?rest_route=%2Fwp%2Fv2%2Fcomments&post=162162"}],"version-history":[{"count":2,"href":"https:\/\/www.fuldaernachrichten.de\/index.php?rest_route=\/wp\/v2\/posts\/162162\/revisions"}],"predecessor-version":[{"id":162189,"href":"https:\/\/www.fuldaernachrichten.de\/index.php?rest_route=\/wp\/v2\/posts\/162162\/revisions\/162189"}],"wp:featuredmedia":[{"embeddable":true,"href":"https:\/\/www.fuldaernachrichten.de\/index.php?rest_route=\/wp\/v2\/media\/162169"}],"wp:attachment":[{"href":"https:\/\/www.fuldaernachrichten.de\/index.php?rest_route=%2Fwp%2Fv2%2Fmedia&parent=162162"}],"wp:term":[{"taxonomy":"category","embeddable":true,"href":"https:\/\/www.fuldaernachrichten.de\/index.php?rest_route=%2Fwp%2Fv2%2Fcategories&post=162162"},{"taxonomy":"post_tag","embeddable":true,"href":"https:\/\/www.fuldaernachrichten.de\/index.php?rest_route=%2Fwp%2Fv2%2Ftags&post=162162"}],"curies":[{"name":"wp","href":"https:\/\/api.w.org\/{rel}","templated":true}]}}