{"id":162159,"date":"2017-04-17T08:20:57","date_gmt":"2017-04-17T06:20:57","guid":{"rendered":"http:\/\/www.fuldaer-nachrichten.de\/?p=162159"},"modified":"2017-04-17T08:21:15","modified_gmt":"2017-04-17T06:21:15","slug":"kolpingsfamilien-wollen-politisch-mitmischen","status":"publish","type":"post","link":"https:\/\/www.fuldaernachrichten.de\/?p=162159","title":{"rendered":"Kolpingsfamilien wollen politisch mitmischen"},"content":{"rendered":"<p>K\u00fcrzlich trafen sich die Kolpingsfamilien des Bezirksverbandes Hessisches Kegelspiel zur Jahreshauptversammlung im Michelsrombacher Pfarrheim.<br \/>\nMit einem Wahlforum zur Bundestagswahl 2017 m\u00f6chten die Kolpingsfamilien gesellschaftspolitische Anliegen der B\u00fcrger einbringen.<br \/>\nBezirkssprecher Dieter Hohmann, H\u00fcnfeld, verwies in seinem Jahresbericht auf vielf\u00e4ltige Aktivit\u00e4ten, besonders auf die gute Beteiligung beim Kolping-Weltgebetstag 2016 in Ufhausen.<\/p>\n<p>Er\u00f6rtert wurde auch die sog. Willkommenskultur gegen\u00fcber Fl\u00fcchtlingen. G\u00fcnter Pilz rief alle Kolpingvertreter auf, f\u00fcr die Sozialwahlen 2017 gut zu werben, um ein gutes Wahlergebnis f\u00fcr die Kandidaten der christlichen Sozialverb\u00e4nde zu erreichen. Markus Schabel, Eiterfeld, gab einen kurzen Finanzbericht. Dem Bezirksteam wurde Entlastung erteilt. Di\u00f6zezesangesch\u00e4ftsf\u00fchrer Steffen Kempa, Fulda, warb f\u00fcr die kommenden Gro\u00dfveranstaltungen des Di\u00f6zesanverbandes am 29. April auf dem Universit\u00e4tsplatz Fulda zum Eine-Welt-Tag und f\u00fcr die Altkleidersammlung am 6. Mai im Landkreis Fulda. Wolfgang Krieger, H\u00fcnfeld, wurde als Vertreter im Di\u00f6zesanvorstand best\u00e4tigt.<\/p>\n<p>H\u00f6hepunkt der Bezirksarbeit wird ein Wahlforum zur Bundestagswahl am 12. Sept. im Burghauner Don Bosco Haus sein. Neben den Bundestagsabgeordneten der Volksparteien SPD, CDU, FDP und Gr\u00fcne, werden sich\u00c2\u00a0 auch Vertreter christlicher Sozialverb\u00e4nde und des Katholikenrates beteiligen. Ferner treffen sich die Kolpinger am 12. Aug. zum Bezirksfamilientag und am 27. Aug. zur Bezirkswallfahrt zum Gehilfersberg. Mit der Kolpingsfamilie H\u00fcnfeld ist erstmalig eine Gruppe verantwortlich f\u00fcr die Gestaltung der Wallfahrt.<\/p>\n","protected":false},"excerpt":{"rendered":"<div class=\"tmnf_excerpt\"><p>K\u00fcrzlich trafen sich die Kolpingsfamilien des Bezirksverbandes Hessisches Kegelspiel zur Jahreshauptversammlung im Michelsrombacher Pfarrheim. Mit einem Wahlforum zur Bundestagswahl 2017 m\u00f6chten die Kolpingsfamilien gesellschaftspolitische Anliegen der B\u00fcrger einbringen. Bezirkssprecher Dieter Hohmann, H\u00fcnfeld, verwies in seinem Jahresbericht auf vielf\u00e4ltige Aktivit\u00e4ten, besonders auf die gute Beteiligung beim Kolping-Weltgebetstag 2016 in Ufhausen. Er\u00f6rtert wurde auch die sog. Willkommenskultur &hellip;<\/p>\n<\/div>","protected":false},"author":1,"featured_media":0,"comment_status":"closed","ping_status":"closed","sticky":false,"template":"","format":"standard","meta":{"footnotes":""},"categories":[1],"tags":[],"class_list":["post-162159","post","type-post","status-publish","format-standard","hentry","category-startseite"],"_links":{"self":[{"href":"https:\/\/www.fuldaernachrichten.de\/index.php?rest_route=\/wp\/v2\/posts\/162159","targetHints":{"allow":["GET"]}}],"collection":[{"href":"https:\/\/www.fuldaernachrichten.de\/index.php?rest_route=\/wp\/v2\/posts"}],"about":[{"href":"https:\/\/www.fuldaernachrichten.de\/index.php?rest_route=\/wp\/v2\/types\/post"}],"author":[{"embeddable":true,"href":"https:\/\/www.fuldaernachrichten.de\/index.php?rest_route=\/wp\/v2\/users\/1"}],"replies":[{"embeddable":true,"href":"https:\/\/www.fuldaernachrichten.de\/index.php?rest_route=%2Fwp%2Fv2%2Fcomments&post=162159"}],"version-history":[{"count":1,"href":"https:\/\/www.fuldaernachrichten.de\/index.php?rest_route=\/wp\/v2\/posts\/162159\/revisions"}],"predecessor-version":[{"id":162163,"href":"https:\/\/www.fuldaernachrichten.de\/index.php?rest_route=\/wp\/v2\/posts\/162159\/revisions\/162163"}],"wp:attachment":[{"href":"https:\/\/www.fuldaernachrichten.de\/index.php?rest_route=%2Fwp%2Fv2%2Fmedia&parent=162159"}],"wp:term":[{"taxonomy":"category","embeddable":true,"href":"https:\/\/www.fuldaernachrichten.de\/index.php?rest_route=%2Fwp%2Fv2%2Fcategories&post=162159"},{"taxonomy":"post_tag","embeddable":true,"href":"https:\/\/www.fuldaernachrichten.de\/index.php?rest_route=%2Fwp%2Fv2%2Ftags&post=162159"}],"curies":[{"name":"wp","href":"https:\/\/api.w.org\/{rel}","templated":true}]}}