{"id":162153,"date":"2017-04-14T08:15:58","date_gmt":"2017-04-14T06:15:58","guid":{"rendered":"http:\/\/www.fuldaer-nachrichten.de\/?p=162153"},"modified":"2017-04-17T08:17:23","modified_gmt":"2017-04-17T06:17:23","slug":"ferienbetreuung-der-bhvb-behindertenhilfe-vogelsbergkreis-e-v-hat-fuer-jedes-kind-etwas-im-angebot","status":"publish","type":"post","link":"https:\/\/www.fuldaernachrichten.de\/?p=162153","title":{"rendered":"Ferienbetreuung der bhvb &#8211; Behindertenhilfe Vogelsbergkreis e.V. hat f\u00fcr jedes Kind etwas im Angebot"},"content":{"rendered":"<p><a href=\"http:\/\/www.fuldaer-nachrichten.de\/wp-content\/uploads\/2017\/04\/3-Ponyhof.jpg\"><img fetchpriority=\"high\" decoding=\"async\" class=\"alignleft size-thumbnail wp-image-162156\" src=\"http:\/\/www.fuldaer-nachrichten.de\/wp-content\/uploads\/2017\/04\/3-Ponyhof-265x471.jpg\" alt=\"\" width=\"265\" height=\"471\" srcset=\"https:\/\/www.fuldaernachrichten.de\/wp-content\/uploads\/2017\/04\/3-Ponyhof-265x471.jpg 265w, https:\/\/www.fuldaernachrichten.de\/wp-content\/uploads\/2017\/04\/3-Ponyhof-149x265.jpg 149w, https:\/\/www.fuldaernachrichten.de\/wp-content\/uploads\/2017\/04\/3-Ponyhof-338x600.jpg 338w, https:\/\/www.fuldaernachrichten.de\/wp-content\/uploads\/2017\/04\/3-Ponyhof.jpg 720w\" sizes=\"(max-width: 265px) 100vw, 265px\" \/><\/a>Die Ferien \u2013 f\u00fcr die Schulkinder hei\u00df ersehnte Wochen ohne jeden Stress, f\u00fcr die Eltern oft eine logistische Meisterleistung, denn kaum jemand kann sich f\u00fcr die Dauer der kompletten Schulferien freinehmen. Die Schulkindbetreuung der bhvb &#8211; Behindertenhilfe Vogelsbergkreis e.V.- Fachbereich Bildung, die die Einrichtung nun schon im sechsten Jahr im Auftrag der Stadt Herbstein anbietet, schafft hier Abhilfe und erleichtert damit nicht nur das Leben der Eltern, sondern versch\u00f6nt auch den Kindern die Ferien, die mitunter dann doch manchmal auch ganz sch\u00f6n langweilig werden k\u00f6nnen.<\/p>\n<p>\u201eUnser Ziel ist es, den Kindern, die in den Ferien zu uns kommen, ein abwechslungsreiches, interessantes Programm zu bieten\u201c, skizziert das Team der Betreuung das Konzept des Fachbereichs. Arbeitsp\u00e4dagoge Sven Nophut, Heilerzieherin Albina Hanke und Zusatzkraft Jana Simon betreuen die etwa 16 Kinder im Alter von 6 bis 12 Jahren, die aus Herbstein und den umliegenden Ortsteilen kommen, von 7:30 Uhr bis 16 Uhr. Und das Programm kann sich wirklich sehen lassen, wie auch Dauergast Moritz best\u00e4tigt. Er kommt schon Jahre lang in die Ferienbetreuung der bhvb und findet sie immer noch spannend. \u201eWir machen immer neue Sachen\u201c, freut sich der 11-J\u00e4hrige, dem es auch Spa\u00df macht, neben seinen alten Freunden auch immer wieder andere Kinder kennenzulernen und mit ihnen gemeinsam etwas zu erleben.<\/p>\n<p><a href=\"http:\/\/www.fuldaer-nachrichten.de\/wp-content\/uploads\/2017\/04\/1-Ern\u00e4hrungsf\u00fchrerschein.jpg\"><img decoding=\"async\" class=\"alignleft size-thumbnail wp-image-162155\" src=\"http:\/\/www.fuldaer-nachrichten.de\/wp-content\/uploads\/2017\/04\/1-Ern\u00e4hrungsf\u00fchrerschein-265x177.jpg\" alt=\"\" width=\"265\" height=\"177\" \/><\/a>In diesen Osterferien gab es einen Spieletag und einen Waldtag, es wurden Osterkerzen gebastelt, und in der Abenteuerwoche ging es drinnen und drau\u00dfen sportlich zur Sache. Die Gruppe lernte ihre Heimatstadt kennen und zwar von unten \u2013 bei einer unterirdischen Stadtf\u00fchrung. Sie verbrachte einen Tag auf dem Ponyhof und vers\u00fc\u00dfte sich das Ende der Ferien mit einem gemeinsamen Grillen am Osterfeuer. Besonderes Augenmerk allerdings lag dieses Mal auf einem so lehrreichen wie leckeren Projekt: Mit Unterst\u00fctzung der beiden Auszubildenden im Bereich der Hauswirtschaft der bhvb, Alexandra Hanke und Aisha Musa, realisierte das Betreuungsteam das Projekt \u201eBewusste und gesunde Ern\u00e4hrung\u201c. \u201eWir sind in das Thema eingestiegen mit der Frage, was eigentlich bewusstes Essen ist\u201c, erl\u00e4utern die beiden Referentinnen. Dazu schauten sie einen Film, der deutlich machte, wie kostbar Essen ist und dass gutes und ausreichendes Essen keineswegs \u00fcberall selbstverst\u00e4ndlich ist. Im Bereich des gesunden Essens haben die Kinder die Ern\u00e4hrungspyramide kennengelernt und bei einem gemeinsamen Lebensmitteleinkauf auf die Unterschiede zwischen bio und konventionell geachtet. Sie lernten, was das Mindesthaltbarkeitsdatum bedeutet, und wozu man welche Kr\u00e4uter nehmen kann.<\/p>\n<p>Zu leckerer Limonade zum Beispiel, wie sie sp\u00e4ter beim gemeinsamen Zubereiten von feinem Essen und Trinken feststellten. Dabei entdeckten sie auch, wie lecker ein gesunder, aus frischem Gefl\u00fcgelfleisch selbst hergestellter Chicken-Burger auf Vollkornbr\u00f6tchen schmeckt. Und damit die Kinder das Erlernte auch \u00fcber die Osterferien hinaus \u201eauf dem Schirm haben\u201c, bekamen sie eine gut gef\u00fcllte Mappe mit, in der sie alles noch einmal nachschlagen k\u00f6nnen. Aber vielleicht m\u00fcssen sie das auch nicht, denn kein Kind ging am Ende des Ern\u00e4hrungsprojekts ohne seinen Pr\u00fcfungsabschluss, den \u201eErn\u00e4hrungsf\u00fchrerschein\u201c nach Hause. Dort beantworteten sie mit ein wenig Hilfe der Profis viele Fragen rund um gesunde und bewusste Ern\u00e4hrung und zeigten, was sie alles gelernt haben.<\/p>\n<p><a href=\"http:\/\/www.fuldaer-nachrichten.de\/wp-content\/uploads\/2017\/04\/4-Osterfeuer.jpg\"><img decoding=\"async\" class=\"alignleft size-thumbnail wp-image-162157\" src=\"http:\/\/www.fuldaer-nachrichten.de\/wp-content\/uploads\/2017\/04\/4-Osterfeuer-265x149.jpg\" alt=\"\" width=\"265\" height=\"149\" srcset=\"https:\/\/www.fuldaernachrichten.de\/wp-content\/uploads\/2017\/04\/4-Osterfeuer-265x149.jpg 265w, https:\/\/www.fuldaernachrichten.de\/wp-content\/uploads\/2017\/04\/4-Osterfeuer-768x432.jpg 768w, https:\/\/www.fuldaernachrichten.de\/wp-content\/uploads\/2017\/04\/4-Osterfeuer-600x337.jpg 600w, https:\/\/www.fuldaernachrichten.de\/wp-content\/uploads\/2017\/04\/4-Osterfeuer.jpg 900w\" sizes=\"(max-width: 265px) 100vw, 265px\" \/><\/a>\u201eAus diesem Projekt m\u00f6chten wir gerne eine Reihe machen, die sich kindgerecht mit den Themen Ern\u00e4hrung und Gesundheit besch\u00e4ftigt\u201c, erg\u00e4nzt das Team der Betreuung. Und weil alles irgendwie zusammenh\u00e4ngt, nutzten die Kinder die Zeit der Ferienspiele auch, um das im letzten Jahr gemeinsam errichtete Hochbeet zu bepflanzen. Bald schon k\u00f6nnen sie dann ihren eigenen Salat und ihre eigenen Kr\u00e4uter ernten. Davon profitieren werden die Kinder, die auch in der Schulkindbetreuung w\u00e4hrend des Schuljahres in der Einrichtung sind. Und die freuen sich jetzt schon m\u00e4chtig drauf!<\/p>\n","protected":false},"excerpt":{"rendered":"<div class=\"tmnf_excerpt\"><p>Die Ferien \u2013 f\u00fcr die Schulkinder hei\u00df ersehnte Wochen ohne jeden Stress, f\u00fcr die Eltern oft eine logistische Meisterleistung, denn kaum jemand kann sich f\u00fcr die Dauer der kompletten Schulferien freinehmen. Die Schulkindbetreuung der bhvb &#8211; Behindertenhilfe Vogelsbergkreis e.V.- Fachbereich Bildung, die die Einrichtung nun schon im sechsten Jahr im Auftrag der Stadt Herbstein anbietet, &hellip;<\/p>\n<\/div>","protected":false},"author":1,"featured_media":162154,"comment_status":"closed","ping_status":"closed","sticky":false,"template":"","format":"standard","meta":{"footnotes":""},"categories":[1],"tags":[],"class_list":["post-162153","post","type-post","status-publish","format-standard","has-post-thumbnail","hentry","category-startseite"],"_links":{"self":[{"href":"https:\/\/www.fuldaernachrichten.de\/index.php?rest_route=\/wp\/v2\/posts\/162153","targetHints":{"allow":["GET"]}}],"collection":[{"href":"https:\/\/www.fuldaernachrichten.de\/index.php?rest_route=\/wp\/v2\/posts"}],"about":[{"href":"https:\/\/www.fuldaernachrichten.de\/index.php?rest_route=\/wp\/v2\/types\/post"}],"author":[{"embeddable":true,"href":"https:\/\/www.fuldaernachrichten.de\/index.php?rest_route=\/wp\/v2\/users\/1"}],"replies":[{"embeddable":true,"href":"https:\/\/www.fuldaernachrichten.de\/index.php?rest_route=%2Fwp%2Fv2%2Fcomments&post=162153"}],"version-history":[{"count":1,"href":"https:\/\/www.fuldaernachrichten.de\/index.php?rest_route=\/wp\/v2\/posts\/162153\/revisions"}],"predecessor-version":[{"id":162158,"href":"https:\/\/www.fuldaernachrichten.de\/index.php?rest_route=\/wp\/v2\/posts\/162153\/revisions\/162158"}],"wp:featuredmedia":[{"embeddable":true,"href":"https:\/\/www.fuldaernachrichten.de\/index.php?rest_route=\/wp\/v2\/media\/162154"}],"wp:attachment":[{"href":"https:\/\/www.fuldaernachrichten.de\/index.php?rest_route=%2Fwp%2Fv2%2Fmedia&parent=162153"}],"wp:term":[{"taxonomy":"category","embeddable":true,"href":"https:\/\/www.fuldaernachrichten.de\/index.php?rest_route=%2Fwp%2Fv2%2Fcategories&post=162153"},{"taxonomy":"post_tag","embeddable":true,"href":"https:\/\/www.fuldaernachrichten.de\/index.php?rest_route=%2Fwp%2Fv2%2Ftags&post=162153"}],"curies":[{"name":"wp","href":"https:\/\/api.w.org\/{rel}","templated":true}]}}