{"id":162141,"date":"2017-04-17T08:15:51","date_gmt":"2017-04-17T06:15:51","guid":{"rendered":"http:\/\/www.fuldaer-nachrichten.de\/?p=162141"},"modified":"2017-04-17T08:15:51","modified_gmt":"2017-04-17T06:15:51","slug":"schon-am-ortseingang-zu-sehen-die-kulturtage-stehen-in-den-startloechern","status":"publish","type":"post","link":"https:\/\/www.fuldaernachrichten.de\/?p=162141","title":{"rendered":"Schon am Ortseingang zu sehen: Die Kulturtage stehen in den Startl\u00f6chern!"},"content":{"rendered":"<p>Nun kann es jeder und jede sehen: Vom 18. bis zum 28. Mai 2017 finden zum vierten Mal die Alsfelder Kulturtage statt, \u00fcber drei\u00dfig Veranstaltungen in elf Tagen warten auf die G\u00e4ste aus Nah und hoffentlich auch von Fern \u2013 so zumindest w\u00fcnschen sich das die r\u00fchrigen Veranstalter, die daher auch die Ein- und Durchreisenden auf dieses f\u00fcr eine Stadt der Gr\u00f6\u00dfe Alsfelds nicht allt\u00e4gliche Event aufmerksam machen. Vier gro\u00dfe Bauzaunbanner brachten Viola Bornmann, B\u00e4rbel Haltenhof, Roland Heinrich, Dieter Irek und Dr. Walter Windisch-Laube kurz vor Ostern an den Ortseinfahrten an \u2013 mit einem gro\u00dfen Kunstwerk der K\u00fcnstlerin NELE als Eyecatcher. Mehr von ihr wird im Mai im Alsfelder Gabrinus zu sehen sein. Weitere Ausstellungen, Konzerte, Workshops, Lesungen und vieles mehr bieten Menschen mit vielerlei Interessen in den Kulturtagen ein umfangreiches Angebot, \u00fcber das man sich nat\u00fcrlich auch in den \u00fcberall in Alsfeld ausliegenden Programmflyern oder auf der Website des Vereins unter <a href=\"http:\/\/www.kulturtage-alsfeld.de\">www.kulturtage-alsfeld.de<\/a> informieren kann.<\/p>\n","protected":false},"excerpt":{"rendered":"<div class=\"tmnf_excerpt\"><p>Nun kann es jeder und jede sehen: Vom 18. bis zum 28. Mai 2017 finden zum vierten Mal die Alsfelder Kulturtage statt, \u00fcber drei\u00dfig Veranstaltungen in elf Tagen warten auf die G\u00e4ste aus Nah und hoffentlich auch von Fern \u2013 so zumindest w\u00fcnschen sich das die r\u00fchrigen Veranstalter, die daher auch die Ein- und Durchreisenden &hellip;<\/p>\n<\/div>","protected":false},"author":1,"featured_media":162151,"comment_status":"closed","ping_status":"closed","sticky":false,"template":"","format":"standard","meta":{"footnotes":""},"categories":[1],"tags":[],"class_list":["post-162141","post","type-post","status-publish","format-standard","has-post-thumbnail","hentry","category-startseite"],"_links":{"self":[{"href":"https:\/\/www.fuldaernachrichten.de\/index.php?rest_route=\/wp\/v2\/posts\/162141","targetHints":{"allow":["GET"]}}],"collection":[{"href":"https:\/\/www.fuldaernachrichten.de\/index.php?rest_route=\/wp\/v2\/posts"}],"about":[{"href":"https:\/\/www.fuldaernachrichten.de\/index.php?rest_route=\/wp\/v2\/types\/post"}],"author":[{"embeddable":true,"href":"https:\/\/www.fuldaernachrichten.de\/index.php?rest_route=\/wp\/v2\/users\/1"}],"replies":[{"embeddable":true,"href":"https:\/\/www.fuldaernachrichten.de\/index.php?rest_route=%2Fwp%2Fv2%2Fcomments&post=162141"}],"version-history":[{"count":1,"href":"https:\/\/www.fuldaernachrichten.de\/index.php?rest_route=\/wp\/v2\/posts\/162141\/revisions"}],"predecessor-version":[{"id":162152,"href":"https:\/\/www.fuldaernachrichten.de\/index.php?rest_route=\/wp\/v2\/posts\/162141\/revisions\/162152"}],"wp:featuredmedia":[{"embeddable":true,"href":"https:\/\/www.fuldaernachrichten.de\/index.php?rest_route=\/wp\/v2\/media\/162151"}],"wp:attachment":[{"href":"https:\/\/www.fuldaernachrichten.de\/index.php?rest_route=%2Fwp%2Fv2%2Fmedia&parent=162141"}],"wp:term":[{"taxonomy":"category","embeddable":true,"href":"https:\/\/www.fuldaernachrichten.de\/index.php?rest_route=%2Fwp%2Fv2%2Fcategories&post=162141"},{"taxonomy":"post_tag","embeddable":true,"href":"https:\/\/www.fuldaernachrichten.de\/index.php?rest_route=%2Fwp%2Fv2%2Ftags&post=162141"}],"curies":[{"name":"wp","href":"https:\/\/api.w.org\/{rel}","templated":true}]}}