{"id":162135,"date":"2017-04-17T08:12:04","date_gmt":"2017-04-17T06:12:04","guid":{"rendered":"http:\/\/www.fuldaer-nachrichten.de\/?p=162135"},"modified":"2017-04-17T08:12:04","modified_gmt":"2017-04-17T06:12:04","slug":"miniclub-beginnt-am-donnerstag-20-april-um-10-uhr-im-buergerhaus-dipperz","status":"publish","type":"post","link":"https:\/\/www.fuldaernachrichten.de\/?p=162135","title":{"rendered":"Miniclub beginnt am Donnerstag, 20. April, um 10 Uhr im B\u00fcrgerhaus Dipperz"},"content":{"rendered":"<p>Im Miniclub treffen sich M\u00fctter\/V\u00e4ter und Kinder im Alter von einem bis drei Jahren, um in entspannter Atmosph\u00e4re Kontakte zu kn\u00fcpfen, Erfahrungen auszutauschen und kleinkindgerechte Lieder sowie Spiele kennenzulernen. Beginn eines Miniclubs der Volkshochschule des Landkreises Fulda ist am Donnerstag, 20. April, um 10 Uhr im B\u00fcrgerhaus in Dipperz. Infos und Anmeldung mit Kursnummer VO1060421 unter <a href=\"http:\/\/www.vhs-fulda.de\">www.vhs-fulda.de<\/a> oder telefonisch beim B\u00fcrgerservice (0661)6006-1600.<\/p>\n","protected":false},"excerpt":{"rendered":"<div class=\"tmnf_excerpt\"><p>Im Miniclub treffen sich M\u00fctter\/V\u00e4ter und Kinder im Alter von einem bis drei Jahren, um in entspannter Atmosph\u00e4re Kontakte zu kn\u00fcpfen, Erfahrungen auszutauschen und kleinkindgerechte Lieder sowie Spiele kennenzulernen. Beginn eines Miniclubs der Volkshochschule des Landkreises Fulda ist am Donnerstag, 20. April, um 10 Uhr im B\u00fcrgerhaus in Dipperz. Infos und Anmeldung mit Kursnummer VO1060421 &hellip;<\/p>\n<\/div>","protected":false},"author":1,"featured_media":0,"comment_status":"closed","ping_status":"closed","sticky":false,"template":"","format":"standard","meta":{"footnotes":""},"categories":[1],"tags":[],"class_list":["post-162135","post","type-post","status-publish","format-standard","hentry","category-startseite"],"_links":{"self":[{"href":"https:\/\/www.fuldaernachrichten.de\/index.php?rest_route=\/wp\/v2\/posts\/162135","targetHints":{"allow":["GET"]}}],"collection":[{"href":"https:\/\/www.fuldaernachrichten.de\/index.php?rest_route=\/wp\/v2\/posts"}],"about":[{"href":"https:\/\/www.fuldaernachrichten.de\/index.php?rest_route=\/wp\/v2\/types\/post"}],"author":[{"embeddable":true,"href":"https:\/\/www.fuldaernachrichten.de\/index.php?rest_route=\/wp\/v2\/users\/1"}],"replies":[{"embeddable":true,"href":"https:\/\/www.fuldaernachrichten.de\/index.php?rest_route=%2Fwp%2Fv2%2Fcomments&post=162135"}],"version-history":[{"count":1,"href":"https:\/\/www.fuldaernachrichten.de\/index.php?rest_route=\/wp\/v2\/posts\/162135\/revisions"}],"predecessor-version":[{"id":162137,"href":"https:\/\/www.fuldaernachrichten.de\/index.php?rest_route=\/wp\/v2\/posts\/162135\/revisions\/162137"}],"wp:attachment":[{"href":"https:\/\/www.fuldaernachrichten.de\/index.php?rest_route=%2Fwp%2Fv2%2Fmedia&parent=162135"}],"wp:term":[{"taxonomy":"category","embeddable":true,"href":"https:\/\/www.fuldaernachrichten.de\/index.php?rest_route=%2Fwp%2Fv2%2Fcategories&post=162135"},{"taxonomy":"post_tag","embeddable":true,"href":"https:\/\/www.fuldaernachrichten.de\/index.php?rest_route=%2Fwp%2Fv2%2Ftags&post=162135"}],"curies":[{"name":"wp","href":"https:\/\/api.w.org\/{rel}","templated":true}]}}