{"id":162130,"date":"2017-04-17T08:12:52","date_gmt":"2017-04-17T06:12:52","guid":{"rendered":"http:\/\/www.fuldaer-nachrichten.de\/?p=162130"},"modified":"2017-04-17T08:12:52","modified_gmt":"2017-04-17T06:12:52","slug":"workshop-sprachfoerderung-ohne-zeitaufwand-in-der-muetze","status":"publish","type":"post","link":"https:\/\/www.fuldaernachrichten.de\/?p=162130","title":{"rendered":"Workshop \u201eSprachf\u00f6rderung ohne Zeitaufwand\u201c in Der M\u00dcTZE"},"content":{"rendered":"<p>Das M\u00fctterzentrum \u201eDie M\u00dcTZE\u201c, Gallasiniring 8, in Fulda bietet am Montag, 08.05.17 in der Zeit von 19.30 \u2013 21.30 Uhr einen Workshop zum Thema: <b>\u201eSprachf\u00f6rderung ohne Zeitaufwand \u2013 Wie unterst\u00fctze ich die Sprachentwicklung meines Kindes im Alltag? &#8211;<\/b>\u00c2\u00a0 an. Sprache ist ein wichtiger Teil unseres Lebens, um in sozialen, schulischen und beruflichen Bereichen erfolgreich zu sein. In diesem Workshop lernen die Kursteilnehmer\/Innen die wichtigsten Sprachentwicklungsschritte kennen und erfahren, wie sie dem Alter ihres Kindes entsprechend positiv darauf Einfluss nehmen k\u00f6nnen. F\u00f6rdern Sie die Sprache des Kindes m\u00fchelos im Alltag w\u00e4hrend des Anziehens, Fr\u00fchst\u00fcckens oder der Autofahrt! Eine Anmeldung bis zum 02.05.17 ist erforderlich.<\/p>\n<p>N\u00e4here Informationen bzw. Anmeldung unter Tel. 0661\/8050, Mo. \u2013 Fr. in der Zeit von 9.00 \u2013 13.00 Uhr.<\/p>\n","protected":false},"excerpt":{"rendered":"<div class=\"tmnf_excerpt\"><p>Das M\u00fctterzentrum \u201eDie M\u00dcTZE\u201c, Gallasiniring 8, in Fulda bietet am Montag, 08.05.17 in der Zeit von 19.30 \u2013 21.30 Uhr einen Workshop zum Thema: \u201eSprachf\u00f6rderung ohne Zeitaufwand \u2013 Wie unterst\u00fctze ich die Sprachentwicklung meines Kindes im Alltag? &#8211;\u00c2\u00a0 an. Sprache ist ein wichtiger Teil unseres Lebens, um in sozialen, schulischen und beruflichen Bereichen erfolgreich zu &hellip;<\/p>\n<\/div>","protected":false},"author":1,"featured_media":0,"comment_status":"closed","ping_status":"closed","sticky":false,"template":"","format":"standard","meta":{"footnotes":""},"categories":[1],"tags":[],"class_list":["post-162130","post","type-post","status-publish","format-standard","hentry","category-startseite"],"_links":{"self":[{"href":"https:\/\/www.fuldaernachrichten.de\/index.php?rest_route=\/wp\/v2\/posts\/162130","targetHints":{"allow":["GET"]}}],"collection":[{"href":"https:\/\/www.fuldaernachrichten.de\/index.php?rest_route=\/wp\/v2\/posts"}],"about":[{"href":"https:\/\/www.fuldaernachrichten.de\/index.php?rest_route=\/wp\/v2\/types\/post"}],"author":[{"embeddable":true,"href":"https:\/\/www.fuldaernachrichten.de\/index.php?rest_route=\/wp\/v2\/users\/1"}],"replies":[{"embeddable":true,"href":"https:\/\/www.fuldaernachrichten.de\/index.php?rest_route=%2Fwp%2Fv2%2Fcomments&post=162130"}],"version-history":[{"count":1,"href":"https:\/\/www.fuldaernachrichten.de\/index.php?rest_route=\/wp\/v2\/posts\/162130\/revisions"}],"predecessor-version":[{"id":162139,"href":"https:\/\/www.fuldaernachrichten.de\/index.php?rest_route=\/wp\/v2\/posts\/162130\/revisions\/162139"}],"wp:attachment":[{"href":"https:\/\/www.fuldaernachrichten.de\/index.php?rest_route=%2Fwp%2Fv2%2Fmedia&parent=162130"}],"wp:term":[{"taxonomy":"category","embeddable":true,"href":"https:\/\/www.fuldaernachrichten.de\/index.php?rest_route=%2Fwp%2Fv2%2Fcategories&post=162130"},{"taxonomy":"post_tag","embeddable":true,"href":"https:\/\/www.fuldaernachrichten.de\/index.php?rest_route=%2Fwp%2Fv2%2Ftags&post=162130"}],"curies":[{"name":"wp","href":"https:\/\/api.w.org\/{rel}","templated":true}]}}