{"id":162129,"date":"2017-04-17T08:10:36","date_gmt":"2017-04-17T06:10:36","guid":{"rendered":"http:\/\/www.fuldaer-nachrichten.de\/?p=162129"},"modified":"2017-04-17T08:10:36","modified_gmt":"2017-04-17T06:10:36","slug":"sorgenfreie-stunden-in-der-tagesstaette-cafe-malta","status":"publish","type":"post","link":"https:\/\/www.fuldaernachrichten.de\/?p=162129","title":{"rendered":"Sorgenfreie Stunden in der Tagesst\u00e4tte Caf\u00e9 Malta"},"content":{"rendered":"<p>F\u00fcr Menschen mit und ohne demenzielle Erkrankung, die gerne in Gesellschaft sind, \u00f6ffnet die Tagesst\u00e4tte \u201eCaf\u00e9 Malta\u201c des Malteser Hilfsdienstes am Aschenbergplatz 1 in Fulda ihre Pforten. Mit einem ganzheitlichen Ansatz nach \u201eSilviahemmet\u201c, der durch die schwedische K\u00f6nigin ins Leben gerufen wurde, sollen hier die Versorgung von Menschen, insbesondere mit Demenz, optimiert und die Angeh\u00f6rigen unterst\u00fctzt werden.<\/p>\n<p>Die Last der Pflege und Betreuung m\u00fcssen die Angeh\u00f6rigen nicht alleine tragen: mit der Tagesst\u00e4tte Caf\u00e9 Malta schenkt ihnen der Malteser Hilfsdienst einige Stunden \u201esorgenfrei\u201c in der Woche! Dabei stehen die G\u00e4ste im Mittelpunkt der Bem\u00fchungen: Steigerung der Lebensqualit\u00e4t im Alltag ist ein zentrales Ziel der Philosophie. Die Senioren k\u00f6nnen in alten Zeiten schwelgen und die Malteser Demenzbegleiter bieten gemeinsame Aktivit\u00e4ten wie Singen oder Sitzgymnastik an, die sich nach den Interessen und der Tagesform der G\u00e4ste richten. Bei einem Besuch in der Tagesst\u00e4tte geh\u00f6ren Kaffee und Kuchen zum Angebot. In den Abendstunden wird ein kleiner Imbiss gereicht. Das Caf\u00e9 ist dienstags bis samstags ge\u00f6ffnet. Zus\u00e4tzlich kann man den Malteser-Fahrdienst als Bring- und Holservice in Anspruch nehmen. Beim Nachtcaf\u00e9, das sich einmal im Monat direkt an die Betreuung am Freitag anschlie\u00dft, k\u00f6nnen die\u00c2\u00a0 G\u00e4ste bis 22 Uhr verweilen.<b><i> <\/i><\/b>Die Kosten f\u00fcr den Aufenthalt im Caf\u00e9 Malta\u00c2\u00a0 k\u00f6nnen bei der Pflegekasse geltend gemacht werden.<\/p>\n<p>Weitere Informationen \u00fcber die Tagesst\u00e4tte Caf\u00e9 Malta am Aschenbergplatz 1 in 36039 Fulda\u00c2\u00a0gibt es von der Leiterin der Malteser-Einrichtung, Swetlana Wolf, Telefon: 0661 9531027, mobil: 0151 29904017. Mail: <a href=\"mailto:swetlana.wolf@malteser.org\">swetlana.wolf@malteser.org<\/a>. Internet: www.malteser-fulda.de<\/p>\n","protected":false},"excerpt":{"rendered":"<div class=\"tmnf_excerpt\"><p>F\u00fcr Menschen mit und ohne demenzielle Erkrankung, die gerne in Gesellschaft sind, \u00f6ffnet die Tagesst\u00e4tte \u201eCaf\u00e9 Malta\u201c des Malteser Hilfsdienstes am Aschenbergplatz 1 in Fulda ihre Pforten. Mit einem ganzheitlichen Ansatz nach \u201eSilviahemmet\u201c, der durch die schwedische K\u00f6nigin ins Leben gerufen wurde, sollen hier die Versorgung von Menschen, insbesondere mit Demenz, optimiert und die Angeh\u00f6rigen &hellip;<\/p>\n<\/div>","protected":false},"author":1,"featured_media":0,"comment_status":"closed","ping_status":"closed","sticky":false,"template":"","format":"standard","meta":{"footnotes":""},"categories":[1],"tags":[],"class_list":["post-162129","post","type-post","status-publish","format-standard","hentry","category-startseite"],"_links":{"self":[{"href":"https:\/\/www.fuldaernachrichten.de\/index.php?rest_route=\/wp\/v2\/posts\/162129","targetHints":{"allow":["GET"]}}],"collection":[{"href":"https:\/\/www.fuldaernachrichten.de\/index.php?rest_route=\/wp\/v2\/posts"}],"about":[{"href":"https:\/\/www.fuldaernachrichten.de\/index.php?rest_route=\/wp\/v2\/types\/post"}],"author":[{"embeddable":true,"href":"https:\/\/www.fuldaernachrichten.de\/index.php?rest_route=\/wp\/v2\/users\/1"}],"replies":[{"embeddable":true,"href":"https:\/\/www.fuldaernachrichten.de\/index.php?rest_route=%2Fwp%2Fv2%2Fcomments&post=162129"}],"version-history":[{"count":1,"href":"https:\/\/www.fuldaernachrichten.de\/index.php?rest_route=\/wp\/v2\/posts\/162129\/revisions"}],"predecessor-version":[{"id":162134,"href":"https:\/\/www.fuldaernachrichten.de\/index.php?rest_route=\/wp\/v2\/posts\/162129\/revisions\/162134"}],"wp:attachment":[{"href":"https:\/\/www.fuldaernachrichten.de\/index.php?rest_route=%2Fwp%2Fv2%2Fmedia&parent=162129"}],"wp:term":[{"taxonomy":"category","embeddable":true,"href":"https:\/\/www.fuldaernachrichten.de\/index.php?rest_route=%2Fwp%2Fv2%2Fcategories&post=162129"},{"taxonomy":"post_tag","embeddable":true,"href":"https:\/\/www.fuldaernachrichten.de\/index.php?rest_route=%2Fwp%2Fv2%2Ftags&post=162129"}],"curies":[{"name":"wp","href":"https:\/\/api.w.org\/{rel}","templated":true}]}}