{"id":162120,"date":"2017-04-17T08:09:07","date_gmt":"2017-04-17T06:09:07","guid":{"rendered":"http:\/\/www.fuldaer-nachrichten.de\/?p=162120"},"modified":"2017-04-17T08:09:07","modified_gmt":"2017-04-17T06:09:07","slug":"zuschuesse-vom-kreis-fuer-backhaus-in-wickers-und-feuerwehrfahrzeug-in-gersfeld","status":"publish","type":"post","link":"https:\/\/www.fuldaernachrichten.de\/?p=162120","title":{"rendered":"Zusch\u00fcsse vom Kreis f\u00fcr Backhaus in Wickers und Feuerwehrfahrzeug in Gersfeld"},"content":{"rendered":"<p><b>Der Ortsbeirat Wickers erh\u00e4lt vom Landkreis Fulda einen einmaligen Zuschuss in H\u00f6he von 5.000 Euro. Das hat der Kreisausschuss in seiner letzten Sitzung beschlossen.<\/b><\/p>\n<p>Mit dem F\u00f6rderbetrag soll das ehrenamtliche Engagement der Dorfgemeinschaft bei der dringend notwendigen Sanierung des Backhauses unterst\u00fctzt werden, das sich zu einer Anlaufstelle f\u00fcr Jung und Alt sowie zu einem Veranstaltungsort f\u00fcr Dorffeste entwickelt hat. Viele Dorfbewohner und speziell Familien nutzen das Backhaus, um dort wie althergebracht Brot und Rh\u00f6ner Ploatz zu backen. Mit einer Zuweisung von 4.750 Euro aus dem Kreisausgleichsstock wird die Stadt Gersfeld bei der Beschaffung eines neuen Einsatzfahrzeugs f\u00fcr die Freiwillige Feuerwehr unterst\u00fctzt.<\/p>\n","protected":false},"excerpt":{"rendered":"<div class=\"tmnf_excerpt\"><p>Der Ortsbeirat Wickers erh\u00e4lt vom Landkreis Fulda einen einmaligen Zuschuss in H\u00f6he von 5.000 Euro. Das hat der Kreisausschuss in seiner letzten Sitzung beschlossen. Mit dem F\u00f6rderbetrag soll das ehrenamtliche Engagement der Dorfgemeinschaft bei der dringend notwendigen Sanierung des Backhauses unterst\u00fctzt werden, das sich zu einer Anlaufstelle f\u00fcr Jung und Alt sowie zu einem Veranstaltungsort &hellip;<\/p>\n<\/div>","protected":false},"author":1,"featured_media":0,"comment_status":"closed","ping_status":"closed","sticky":false,"template":"","format":"standard","meta":{"footnotes":""},"categories":[1],"tags":[],"class_list":["post-162120","post","type-post","status-publish","format-standard","hentry","category-startseite"],"_links":{"self":[{"href":"https:\/\/www.fuldaernachrichten.de\/index.php?rest_route=\/wp\/v2\/posts\/162120","targetHints":{"allow":["GET"]}}],"collection":[{"href":"https:\/\/www.fuldaernachrichten.de\/index.php?rest_route=\/wp\/v2\/posts"}],"about":[{"href":"https:\/\/www.fuldaernachrichten.de\/index.php?rest_route=\/wp\/v2\/types\/post"}],"author":[{"embeddable":true,"href":"https:\/\/www.fuldaernachrichten.de\/index.php?rest_route=\/wp\/v2\/users\/1"}],"replies":[{"embeddable":true,"href":"https:\/\/www.fuldaernachrichten.de\/index.php?rest_route=%2Fwp%2Fv2%2Fcomments&post=162120"}],"version-history":[{"count":1,"href":"https:\/\/www.fuldaernachrichten.de\/index.php?rest_route=\/wp\/v2\/posts\/162120\/revisions"}],"predecessor-version":[{"id":162128,"href":"https:\/\/www.fuldaernachrichten.de\/index.php?rest_route=\/wp\/v2\/posts\/162120\/revisions\/162128"}],"wp:attachment":[{"href":"https:\/\/www.fuldaernachrichten.de\/index.php?rest_route=%2Fwp%2Fv2%2Fmedia&parent=162120"}],"wp:term":[{"taxonomy":"category","embeddable":true,"href":"https:\/\/www.fuldaernachrichten.de\/index.php?rest_route=%2Fwp%2Fv2%2Fcategories&post=162120"},{"taxonomy":"post_tag","embeddable":true,"href":"https:\/\/www.fuldaernachrichten.de\/index.php?rest_route=%2Fwp%2Fv2%2Ftags&post=162120"}],"curies":[{"name":"wp","href":"https:\/\/api.w.org\/{rel}","templated":true}]}}