{"id":162119,"date":"2017-04-17T08:08:21","date_gmt":"2017-04-17T06:08:21","guid":{"rendered":"http:\/\/www.fuldaer-nachrichten.de\/?p=162119"},"modified":"2017-04-17T08:08:21","modified_gmt":"2017-04-17T06:08:21","slug":"kkv-unterstuetzt-woche-fuer-das-leben-menschliches-leben-ist-unverfuegbar","status":"publish","type":"post","link":"https:\/\/www.fuldaernachrichten.de\/?p=162119","title":{"rendered":"KKV unterst\u00fctzt \u201eWoche f\u00fcr das Leben\u201c: Menschliches Leben ist unverf\u00fcgbar"},"content":{"rendered":"<p>Die Woche f\u00fcr das Leben, die vom 29. April bis 6. Mai stattfindet, steht diesmal unter dem Motto \u201eKinderwunsch \u2013 Wunschkind \u2013 Designerbaby\u201c. Der KKV, Verband der Katholiken in Wirtschaft und Verwaltung, begr\u00fc\u00dft diese Thematik. Zeigt sie doch, wie einerseits fortschreitende medizinisch-technische M\u00f6glichkeiten z.B. Risiken bei Schwangerschaften mindern, andererseits bringen die Ausweitungen der genethischen Testmethoden die Eltern in immer schwierigere Entscheidungssituationen. Stichworte wie Reproduktionsmedizin, Pr\u00e4implantations- oder Pr\u00e4nataldiagnostik zeigen die Bandbreite der medizinischen M\u00f6glichkeiten. Gleichzeitig werden die ethischen Herausforderungen f\u00fcr alle Beteiligten immer komplizierter.<\/p>\n<p>&nbsp;<\/p>\n<p><strong>Medizinischer Fortschritt muss dem Leben dienen<\/strong><\/p>\n<p>\u201eDamit stellt sich in besonderem Ma\u00dfe die Frage: Darf der Mensch alles, was machbar ist oder gibt es hier nat\u00fcrliche bzw. ethische Grenzen, die nicht \u00fcberschritten werden d\u00fcrfen?\u201c so der geb\u00fcrtige Fuldaer KKV-Bundesvorsitzende Bernd-M. Wehner. \u201eChristlich ausgedr\u00fcckt: Darf der Mensch sich zum Herrn \u00fcber Leben und Tod machen?\u201c Wie hat es der emeritierte Papst Benedikt XVI. in seiner Rede vor dem Deutschen Bundestag am 22.11.2011 so treffend formuliert: \u201eEs gibt auch eine \u00d6kologie des Menschen. Auch der Mensch hat eine Natur, die er achten muss und die er nicht beliebig manipulieren kann. Der Mensch ist nicht nur sich selbst machende Freiheit. Der Mensch macht sich nicht selbst. Er ist Geist und Wille, aber er ist auch Natur, und sein Wille ist dann recht, wenn er auf die Natur h\u00f6rt &#8230;\u201c Die entscheidende Frage bei all diesen Techniken und Verfahren, die mit Selektion und selektiver Vernichtung menschlichen Lebens verbunden sei, m\u00fcsse somit sein, \u201ewird hier das Recht auf Leben gesch\u00fctzt oder wird es \u2013 aus welchen Gr\u00fcnden auch immer \u2013 zur Disposition gestellt?\u201c<\/p>\n<p>&nbsp;<\/p>\n<p><strong>Menschliches Leben ist unverf\u00fcgbar\u00c2\u00a0<\/strong><\/p>\n<p>Kurzum: Die Menschenw\u00fcrde und insbesondere ihre Verletzung m\u00fcssen der Pr\u00fcfstein des reproduktionsmedizinischen Fortschritts sein. F\u00fcr den KKV gilt: Menschliches Leben ist unverf\u00fcgbar und muss deshalb ohne Wenn und Aber vom Beginn der Befruchtung bis zum nat\u00fcrlichen Ende gesch\u00fctzt werden. Die Tatsache, dass Gott den Menschen nach seinem Ebenbild erschaffen habe, gebe ihm eine unantastbare W\u00fcrde und zwar unabh\u00e4ngig von seinem Entwicklungs-, Gesundheits- oder Vernunftzustand. Damit st\u00fcnden dem Menschen unbedingte Rechte und Pflichten zu, die ihm weder durch politische Entscheidungen oder \u00f6konomische Zw\u00e4nge abgesprochen werden k\u00f6nnten. \u201eBesser kann der Schutz des Menschen nicht begr\u00fcndet werden\u201c, so der KKV-Bundesvorsitzende.<\/p>\n<p>&nbsp;<\/p>\n<p>Zu Recht habe Papst Franziskus in seinem Apostolischen Schreiben Evangelii Gaudium (EG) darauf hingewiesen, \u201edass ein menschliches Wesen immer etwas Heiliges und Unantastbares ist, in jeder Situation und jeder Phase seiner Entwicklung. Es tr\u00e4gt seine Daseinsberechtigung in sich selbst und ist nie ein Mittel, um andere Schwierigkeiten zu l\u00f6sen. Wenn diese \u00dcberzeugung hinf\u00e4llig wird, bleiben keine festen und dauerhaften Grundlagen f\u00fcr die Verteidigung der Menschenrechte; diese w\u00e4ren dann immer den zuf\u00e4lligen N\u00fctzlichkeiten der jeweiligen Machthaber unterworfen&#8221; (EG 213). \u201eDem ist nichts hinzuzuf\u00fcgen\u201c, so der KKV-Bundesverband.<\/p>\n","protected":false},"excerpt":{"rendered":"<div class=\"tmnf_excerpt\"><p>Die Woche f\u00fcr das Leben, die vom 29. April bis 6. Mai stattfindet, steht diesmal unter dem Motto \u201eKinderwunsch \u2013 Wunschkind \u2013 Designerbaby\u201c. Der KKV, Verband der Katholiken in Wirtschaft und Verwaltung, begr\u00fc\u00dft diese Thematik. Zeigt sie doch, wie einerseits fortschreitende medizinisch-technische M\u00f6glichkeiten z.B. Risiken bei Schwangerschaften mindern, andererseits bringen die Ausweitungen der genethischen Testmethoden &hellip;<\/p>\n<\/div>","protected":false},"author":1,"featured_media":0,"comment_status":"closed","ping_status":"closed","sticky":false,"template":"","format":"standard","meta":{"footnotes":""},"categories":[1],"tags":[],"class_list":["post-162119","post","type-post","status-publish","format-standard","hentry","category-startseite"],"_links":{"self":[{"href":"https:\/\/www.fuldaernachrichten.de\/index.php?rest_route=\/wp\/v2\/posts\/162119","targetHints":{"allow":["GET"]}}],"collection":[{"href":"https:\/\/www.fuldaernachrichten.de\/index.php?rest_route=\/wp\/v2\/posts"}],"about":[{"href":"https:\/\/www.fuldaernachrichten.de\/index.php?rest_route=\/wp\/v2\/types\/post"}],"author":[{"embeddable":true,"href":"https:\/\/www.fuldaernachrichten.de\/index.php?rest_route=\/wp\/v2\/users\/1"}],"replies":[{"embeddable":true,"href":"https:\/\/www.fuldaernachrichten.de\/index.php?rest_route=%2Fwp%2Fv2%2Fcomments&post=162119"}],"version-history":[{"count":1,"href":"https:\/\/www.fuldaernachrichten.de\/index.php?rest_route=\/wp\/v2\/posts\/162119\/revisions"}],"predecessor-version":[{"id":162126,"href":"https:\/\/www.fuldaernachrichten.de\/index.php?rest_route=\/wp\/v2\/posts\/162119\/revisions\/162126"}],"wp:attachment":[{"href":"https:\/\/www.fuldaernachrichten.de\/index.php?rest_route=%2Fwp%2Fv2%2Fmedia&parent=162119"}],"wp:term":[{"taxonomy":"category","embeddable":true,"href":"https:\/\/www.fuldaernachrichten.de\/index.php?rest_route=%2Fwp%2Fv2%2Fcategories&post=162119"},{"taxonomy":"post_tag","embeddable":true,"href":"https:\/\/www.fuldaernachrichten.de\/index.php?rest_route=%2Fwp%2Fv2%2Ftags&post=162119"}],"curies":[{"name":"wp","href":"https:\/\/api.w.org\/{rel}","templated":true}]}}