{"id":162118,"date":"2017-04-17T08:06:46","date_gmt":"2017-04-17T06:06:46","guid":{"rendered":"http:\/\/www.fuldaer-nachrichten.de\/?p=162118"},"modified":"2017-04-17T08:06:46","modified_gmt":"2017-04-17T06:06:46","slug":"fachleute-der-ig-kein-schredder-ausgeschlossen-ig-fuehlt-sich-zensiert","status":"publish","type":"post","link":"https:\/\/www.fuldaernachrichten.de\/?p=162118","title":{"rendered":"Fachleute der IG \u201eKein Schredder\u201c ausgeschlossen \u2013 IG f\u00fchlt sich zensiert"},"content":{"rendered":"<div class=\"page\" title=\"Page 1\">\n<div class=\"layoutArea\">\n<div class=\"column\">\n<p>Wenige Tage vor der B\u00fcrgerversammlung hat der Vorsitzende der Gemeindevertretung Edwin Balzter die Gutachter der IG \u201eKein Schredder\u201c wieder ausgeladen. Hintergrund sei laut IG, dass bis Freitag letzter Woche die Inhalte der Vortr\u00e4ge vorgelegt werden sollten.<\/p>\n<p>\u201eWir haben B\u00fcrgermeister Kolb und Edwin Balzter mitgeteilt, dass wir die Referenten im Laufe dieser Woche benennen. Die Information, dass zwei unserer Gutachter sprechen k\u00f6nnen, haben wir erst letzte Woche Dienstag nach unserer Pressemitteilung bekommen. Referenten und die Vortr\u00e4ge sollten wir dann 3 Tage sp\u00e4ter bis Freitag bekanntgeben. F\u00fcr jeden ist klar, dass in den Osterferien so was nicht von jetzt auf gleich zu organisieren ist und dass die Vortr\u00e4ge unserer Referenten nicht fertig in der Schublade liegen. Zudem kommen die Fachleute nicht aus dem Raum Fulda sondern aus der ganzen Republik.<\/p>\n<p>Was hier versucht wird, erinnert uns an Zensur. Nur die Informationen die von B\u00fcrgermeister Kolb und Herrn Balzter freigegeben werden, d\u00fcrfen die B\u00fcrger anscheinend erfahren. Die Infoveranstaltung der Gemeinde ist f\u00fcr die betroffenen B\u00fcrger uninteressant geworden, wenn nur von der Gemeinde bezahlte Bef\u00fcrworter und das RP zu Worte kommen. Von Ausgewogenheit, Neutralit\u00e4t oder gar Objektivit\u00e4t ist unseres Erachtens nichts zu sp\u00fcren.\u201c so Daniel Sauer von der IG.<\/p>\n<p>Die IG legt hierzu einen Auszug aus der eMail von Edwin Balzter (CDU) offen: \u201eDer B\u00fcrgerinitiative &#8216;IG kein Schredder&#8217; hatten wir angeboten, zwei Redebeitr\u00e4ge von jeweils 10 Minuten vorzutragen. Voraussetzung hierf\u00fcr war, dass uns die Vortragenden genannt und der Inhalt des Vortrages bis zum Freitag, 7. April 2017 vorgelegt werden w\u00fcrde. Das ist leider nicht geschehen. Bitte haben Sie Verst\u00e4ndnis daf\u00fcr, dass ich diese Vortr\u00e4ge nun nicht mehr zulassen werde, da ich eine objektive Information der B\u00fcrgerinnen und B\u00fcrger aufgrund unbekannter Beitr\u00e4ge nicht sicherstellen kann.\u201c so schrieb Balzter.<\/p>\n<p>Die BI wird nun eine eigene Informationsveranstaltung am Dienstag 09. Mai in der Kulturscheune in Eichenzell durchf\u00fchren. Dort werden Fachleute der IG zu Wort kommen, die sich mit den Gutachten zu Staub, L\u00e4rm und Umweltgiften in der Luft und im Abwasser auseinandergesetzt haben. Die IG hat f\u00fcr deren T\u00e4tigkeit schon \u00fcber 20.000 Euro ausgegeben. Auch der Bund f\u00fcr Umwelt und Naturschutz BUND wird dort mit einem Infostand vertreten sein. Ein Stand zum Thema Staub und L\u00e4rm auf der Infoveranstaltung in Rothemann wurde dem BUND von Herrn Balzter versagt.<\/p>\n<p>Uns ist klar, dass Herr Kolb und Herr Balzter f\u00fcr ihr Verhalten umgehend \u201ekorrekte\u201c Erkl\u00e4rungen liefern werden. Hier ist der m\u00fcndige B\u00fcrger zum Lesen zwischen den Zeilen aufgefordert.<\/p>\n<\/div>\n<\/div>\n<\/div>\n","protected":false},"excerpt":{"rendered":"<div class=\"tmnf_excerpt\"><p>Wenige Tage vor der B\u00fcrgerversammlung hat der Vorsitzende der Gemeindevertretung Edwin Balzter die Gutachter der IG \u201eKein Schredder\u201c wieder ausgeladen. Hintergrund sei laut IG, dass bis Freitag letzter Woche die Inhalte der Vortr\u00e4ge vorgelegt werden sollten. \u201eWir haben B\u00fcrgermeister Kolb und Edwin Balzter mitgeteilt, dass wir die Referenten im Laufe dieser Woche benennen. Die Information, &hellip;<\/p>\n<\/div>","protected":false},"author":1,"featured_media":0,"comment_status":"closed","ping_status":"closed","sticky":false,"template":"","format":"standard","meta":{"footnotes":""},"categories":[1],"tags":[],"class_list":["post-162118","post","type-post","status-publish","format-standard","hentry","category-startseite"],"_links":{"self":[{"href":"https:\/\/www.fuldaernachrichten.de\/index.php?rest_route=\/wp\/v2\/posts\/162118","targetHints":{"allow":["GET"]}}],"collection":[{"href":"https:\/\/www.fuldaernachrichten.de\/index.php?rest_route=\/wp\/v2\/posts"}],"about":[{"href":"https:\/\/www.fuldaernachrichten.de\/index.php?rest_route=\/wp\/v2\/types\/post"}],"author":[{"embeddable":true,"href":"https:\/\/www.fuldaernachrichten.de\/index.php?rest_route=\/wp\/v2\/users\/1"}],"replies":[{"embeddable":true,"href":"https:\/\/www.fuldaernachrichten.de\/index.php?rest_route=%2Fwp%2Fv2%2Fcomments&post=162118"}],"version-history":[{"count":1,"href":"https:\/\/www.fuldaernachrichten.de\/index.php?rest_route=\/wp\/v2\/posts\/162118\/revisions"}],"predecessor-version":[{"id":162124,"href":"https:\/\/www.fuldaernachrichten.de\/index.php?rest_route=\/wp\/v2\/posts\/162118\/revisions\/162124"}],"wp:attachment":[{"href":"https:\/\/www.fuldaernachrichten.de\/index.php?rest_route=%2Fwp%2Fv2%2Fmedia&parent=162118"}],"wp:term":[{"taxonomy":"category","embeddable":true,"href":"https:\/\/www.fuldaernachrichten.de\/index.php?rest_route=%2Fwp%2Fv2%2Fcategories&post=162118"},{"taxonomy":"post_tag","embeddable":true,"href":"https:\/\/www.fuldaernachrichten.de\/index.php?rest_route=%2Fwp%2Fv2%2Ftags&post=162118"}],"curies":[{"name":"wp","href":"https:\/\/api.w.org\/{rel}","templated":true}]}}