{"id":162108,"date":"2017-04-13T08:12:29","date_gmt":"2017-04-13T06:12:29","guid":{"rendered":"http:\/\/www.fuldaer-nachrichten.de\/?p=162108"},"modified":"2017-04-13T08:12:29","modified_gmt":"2017-04-13T06:12:29","slug":"jahreshauptversammlung-der-freiwilligen-feuerwehr-fulda-kaemmerzell","status":"publish","type":"post","link":"https:\/\/www.fuldaernachrichten.de\/?p=162108","title":{"rendered":"Jahreshauptversammlung der Freiwilligen Feuerwehr Fulda-K\u00e4mmerzell"},"content":{"rendered":"<p>Der R\u00fcckblick auf ein ereignisreiches Jahr mit unter anderem neun Eins\u00e4tzen und 82 Einsatzstunden stand bei der Jahreshauptversammlung der Freiwilligen Feuerwehr Fulda-K\u00e4mmerzell im Mittelpunkt. Der neue Wehrf\u00fchrer J\u00f6rg Fladung begr\u00fc\u00dfte im gut besuchten B\u00fcrgerhaus den stellvertretenden Leiter der Feuerwehr Fulda, Bernd Gottschalk, den neuen Vertreter der ehrenamtlichen Kr\u00e4fte der Feuerwehr Fulda, Michael Assenmacher, und den stellvertretenden Stadtjugendfeuerwehrwart der Feuerwehr Fulda, Kai Lengsfeld, sowie anwesende G\u00e4ste aus Vereinen und Politik.<\/p>\n<p>Nach der Er\u00f6ffnung der Jahreshauptversammlung wurde der Jahresbericht der Jugendfeuerwehr durch Jugendfeuerwehrwart Franz-Josef Hartung vorgetragen. Die derzeit 10 Mitglieder z\u00e4hlende Jugendfeuerwehr K\u00e4mmerzell, zu der auch 5 Mitglieder aus dem Stadtteil L\u00fcderm\u00fcnd geh\u00f6ren, absolvierte im vergangenen Jahr 152 Stunden feuerwehrtechnische Ausbildung und 194 Stunden allgemeine Jugendarbeit. Neben der j\u00e4hrlich stattfinden Osterputzaktion war das Hutzelfeuer Teil der allgemeinen Jugendarbeit. Auch wurde die Fulda im Bereich zwischen K\u00e4mmerzell und L\u00fcderm\u00fcnd von allerlei Unrat befreit.<\/p>\n<p>Stellvertretender Stadtjugendfeuerwehrwart Kai Lengsfeld auf die vielen Aktivit\u00e4ten der Jugendfeuerwehr ein. Die Mitgliederzahlen der Jugendfeuerwehren seien insgesamt geringer geworden. \u201eDoch in K\u00e4mmerzell ist dies erfreulicherweise nicht der Fall\u201c, sagte er, bedankte sich f\u00fcr die gute Zusammenarbeit und rief dazu auf, weiter aktiv Werbung f\u00fcr die Jugendfeuerwehr zu betreiben.<\/p>\n<p>Wehrf\u00fchrer J\u00f6rg Fladung ging in seinem Bericht f\u00fcr 2016 auf die 9 Eins\u00e4tze mit insgesamt 82 Einsatzstunden ein. Die Einsatzabteilung wurde zu kleineren Br\u00e4nden, Eins\u00e4tzen bei Starkregen und zur Tierrettung alarmiert. Insgesamt 1206 Stunden wurden von den derzeit 22 Aktiven in der Einssatzabteilung f\u00fcr theoretische und praktische Ausbildung, f\u00fcr Lehrg\u00e4nge und f\u00fcr Brandsicherheitsdienste absolviert. Ein weiteres wichtiges Augenmerk liegt auf der Nachwuchsf\u00f6rderung. Er bedankte sich bei den Feuerwehrkameraden aus K\u00e4mmerzell f\u00fcr den guten Zusammenhalt und die gegenseitige Unterst\u00fctzung.<\/p>\n<p>Der stellvertretende Leiter der Feuerwehr Fulda, Bernd Gottschalk, \u00fcberbrachte die Gr\u00fc\u00dfe des Leiters der Feuerwehr Fulda. Er informierte \u00fcber die Ver\u00e4nderungen und Neuanschaffungen der Feuerwehr Fulda. Besonders positiv f\u00fcr unsere Region ist, dass man in Fulda viele feuerwehrtechnische Lehrg\u00e4nge und Weiterbildungen anbieten kann und seit Jahresbeginn diesbez\u00fcglich noch st\u00e4rker mit dem Landkreis Fulda kooperiert. Er versprach, dass bei der anstehenden Beschaffung neuer Feuerwehrschutzkleidung die Freiwillige Feuerwehr K\u00e4mmerzell ber\u00fccksichtigt werde. Dank und Anerkennung f\u00fcr die geleistete Arbeit in K\u00e4mmerzell sprach auch der neue Vertreter der ehrenamtlichen Kr\u00e4fte, Michael Assenmacher, aus.<\/p>\n<p>Florian Haas, der Vorsitzende des jetzt 82 Jahre alten Vereins, der derzeit 158 Mitglieder z\u00e4hlt, ging auf die vielen kulturellen Aktivit\u00e4ten des Vereins ein und dankte f\u00fcr die gute Zusammenarbeit. Zudem bedankte sich bei allen, die den Verein im letzten Jahr dabei tatkr\u00e4ftig unterst\u00fctzt haben. Auch in 2017 sind wieder zahlreiche kleine Veranstaltungen und Wanderungen geplant.<\/p>\n<p>Ernst Hohmann berichtet \u00fcber die zahlreichen Wanderungen und sonstigen Aktivit\u00e4ten der 16 Mitglieder z\u00e4hlenden Seniorengruppe der Freiwilligen Feuerwehr K\u00e4mmerzell. Deren \u00e4ltestes Mitglied, welches noch aktiv an den Wanderungen teilnimmt, ist mit 92 Jahren Josef Fritz.<\/p>\n<p>Feuerwehrkamerad Johannes G\u00f6tz wurde zum Feuerwehrmann bef\u00f6rdert. F\u00fcr 40 Jahre aktiven Dienst wurde Manfred G\u00f6tz ausgezeichnet. Gem\u00e4\u00df der Ehrenordnung des Kurhessisch-Waldeckschen Feuerwehrverbandes wurde f\u00fcr 40-j\u00e4hrige Mitgliedschaft Josef Hohmann geehrt. F\u00fcr 25 Jahre Mitgliedschaft erhieten Christoph M\u00f6ller und Stefan Hohmann Auszeichnungen.<\/p>\n<p>Gru\u00dfworte \u00fcberbrachte die Vorsitzende der CDU-Fraktion, Patricia Fehrmann. Sie bedankte sich f\u00fcr die rege Vereinsarbeit, die mit daf\u00fcr sorge, dass sich eine schlagkr\u00e4ftige Einsatzabteilung ehrenamtlich in den Dienst des N\u00e4chsten stelle. Ortvorsteherin Rita Wehner \u00fcberbrachte die Gr\u00fc\u00dfe des Ortsbeirat. Sie bedankte sich f\u00fcr die gute Zusammenarbeit und \u00fcbergab eine Spende f\u00fcr die Osterputzaktion an die Jugendfeuerwehr. Der Osterputz fand in diesem Jahr nicht nur entlang der Hauptstra\u00dfe, sondern auch entlang den Ufern der Fulda statt.<\/p>\n<p><b>Der Vorstand:<\/b><\/p>\n<p>Wehrf\u00fchrer: J\u00f6rg Fladung<\/p>\n<p>Stellv. Wehrf\u00fchrer: Florian Haas<\/p>\n<p>Jugendfeuerwehrwart: Franz-Josef Hartung<\/p>\n<p>Stellv. Jugendfeuerwehrwart: Johannes G\u00f6tz<\/p>\n<p>1. Vereinsvorsitzender: Florian Haas<\/p>\n<p>2. Vereinsvorsitzender: Uwe D\u00f6ll<\/p>\n<p>Schriftf\u00fchrer und Pressewart: Lothar G\u00e4rtner<\/p>\n<p>Kassierer: Edmund Roth<\/p>\n<p><i>Bildunterschrift: (von Links): Florian Haas; Bernd Gottschalk; Michael Assenmacher; Johannes G\u00f6tz; Manfred G\u00f6tz; Kai Lengsfeld; J\u00f6rg Fladung\u00c2\u00a0<\/i><\/p>\n","protected":false},"excerpt":{"rendered":"<div class=\"tmnf_excerpt\"><p>Der R\u00fcckblick auf ein ereignisreiches Jahr mit unter anderem neun Eins\u00e4tzen und 82 Einsatzstunden stand bei der Jahreshauptversammlung der Freiwilligen Feuerwehr Fulda-K\u00e4mmerzell im Mittelpunkt. Der neue Wehrf\u00fchrer J\u00f6rg Fladung begr\u00fc\u00dfte im gut besuchten B\u00fcrgerhaus den stellvertretenden Leiter der Feuerwehr Fulda, Bernd Gottschalk, den neuen Vertreter der ehrenamtlichen Kr\u00e4fte der Feuerwehr Fulda, Michael Assenmacher, und den &hellip;<\/p>\n<\/div>","protected":false},"author":1,"featured_media":0,"comment_status":"closed","ping_status":"closed","sticky":false,"template":"","format":"standard","meta":{"footnotes":""},"categories":[1],"tags":[],"class_list":["post-162108","post","type-post","status-publish","format-standard","hentry","category-startseite"],"_links":{"self":[{"href":"https:\/\/www.fuldaernachrichten.de\/index.php?rest_route=\/wp\/v2\/posts\/162108","targetHints":{"allow":["GET"]}}],"collection":[{"href":"https:\/\/www.fuldaernachrichten.de\/index.php?rest_route=\/wp\/v2\/posts"}],"about":[{"href":"https:\/\/www.fuldaernachrichten.de\/index.php?rest_route=\/wp\/v2\/types\/post"}],"author":[{"embeddable":true,"href":"https:\/\/www.fuldaernachrichten.de\/index.php?rest_route=\/wp\/v2\/users\/1"}],"replies":[{"embeddable":true,"href":"https:\/\/www.fuldaernachrichten.de\/index.php?rest_route=%2Fwp%2Fv2%2Fcomments&post=162108"}],"version-history":[{"count":1,"href":"https:\/\/www.fuldaernachrichten.de\/index.php?rest_route=\/wp\/v2\/posts\/162108\/revisions"}],"predecessor-version":[{"id":162113,"href":"https:\/\/www.fuldaernachrichten.de\/index.php?rest_route=\/wp\/v2\/posts\/162108\/revisions\/162113"}],"wp:attachment":[{"href":"https:\/\/www.fuldaernachrichten.de\/index.php?rest_route=%2Fwp%2Fv2%2Fmedia&parent=162108"}],"wp:term":[{"taxonomy":"category","embeddable":true,"href":"https:\/\/www.fuldaernachrichten.de\/index.php?rest_route=%2Fwp%2Fv2%2Fcategories&post=162108"},{"taxonomy":"post_tag","embeddable":true,"href":"https:\/\/www.fuldaernachrichten.de\/index.php?rest_route=%2Fwp%2Fv2%2Ftags&post=162108"}],"curies":[{"name":"wp","href":"https:\/\/api.w.org\/{rel}","templated":true}]}}