{"id":162103,"date":"2017-04-13T08:11:25","date_gmt":"2017-04-13T06:11:25","guid":{"rendered":"http:\/\/www.fuldaer-nachrichten.de\/?p=162103"},"modified":"2017-04-13T08:11:25","modified_gmt":"2017-04-13T06:11:25","slug":"tempo-30-schilder-werden-am-donnerstag-aufgestellt","status":"publish","type":"post","link":"https:\/\/www.fuldaernachrichten.de\/?p=162103","title":{"rendered":"Tempo-30-Schilder werden am Donnerstag aufgestellt"},"content":{"rendered":"<p>Nach der Zustimmung des Regierungspr\u00e4sidiums Kassel zur Neuregelung f\u00fcr ein generelles Tempo 30 in der Niesiger Stra\u00dfe in Fulda aus Gr\u00fcnden des L\u00e4rmschutzes f\u00fcr die Anwohner geht es jetzt rasch an die Umsetzung: Am morgigen Donnerstag werden die entsprechenden Schilder im Abschnitt zwischen der Mackenrodtstra\u00dfe sowie der Schlitzer Stra\u00dfe und dem Fuldaer Weg angebracht.<\/p>\n<p>Fuldas B\u00fcrgermeister Dag Wehner hatte dazu vor Kurzem die n\u00f6tige verkehrsbeh\u00f6rdliche Anordnung unterzeichnet. Wie die Verkehrsbeh\u00f6rde der Stadt erl\u00e4utert, sollen zus\u00e4tzlich auch noch wei\u00dfe \u201e30\u201c-Markierungen auf der Fahrbahn die Autofahrer an die Tempo-30-Regelung erinnern. Die Markierungsarbeiten sollen beginnen, sobald es die Witterungsverh\u00e4ltnisse zulassen.<\/p>\n<p>Au\u00dferdem weist die Verkehrsbeh\u00f6rde darauf hin, dass die vorhandene Geschwindigkeitsmessanlage in der Niesiger Stra\u00dfe in K\u00fcrze auf die neue H\u00f6chstgeschwindigkeit umprogrammiert wird (der Auftrag dazu ist bereits erteilt), so dass dann auch zuk\u00fcnftig die Einhaltung der neuen Regelung wirkungsvoll kontrolliert werden kann.<\/p>\n","protected":false},"excerpt":{"rendered":"<div class=\"tmnf_excerpt\"><p>Nach der Zustimmung des Regierungspr\u00e4sidiums Kassel zur Neuregelung f\u00fcr ein generelles Tempo 30 in der Niesiger Stra\u00dfe in Fulda aus Gr\u00fcnden des L\u00e4rmschutzes f\u00fcr die Anwohner geht es jetzt rasch an die Umsetzung: Am morgigen Donnerstag werden die entsprechenden Schilder im Abschnitt zwischen der Mackenrodtstra\u00dfe sowie der Schlitzer Stra\u00dfe und dem Fuldaer Weg angebracht. Fuldas &hellip;<\/p>\n<\/div>","protected":false},"author":1,"featured_media":0,"comment_status":"closed","ping_status":"closed","sticky":false,"template":"","format":"standard","meta":{"footnotes":""},"categories":[1],"tags":[],"class_list":["post-162103","post","type-post","status-publish","format-standard","hentry","category-startseite"],"_links":{"self":[{"href":"https:\/\/www.fuldaernachrichten.de\/index.php?rest_route=\/wp\/v2\/posts\/162103","targetHints":{"allow":["GET"]}}],"collection":[{"href":"https:\/\/www.fuldaernachrichten.de\/index.php?rest_route=\/wp\/v2\/posts"}],"about":[{"href":"https:\/\/www.fuldaernachrichten.de\/index.php?rest_route=\/wp\/v2\/types\/post"}],"author":[{"embeddable":true,"href":"https:\/\/www.fuldaernachrichten.de\/index.php?rest_route=\/wp\/v2\/users\/1"}],"replies":[{"embeddable":true,"href":"https:\/\/www.fuldaernachrichten.de\/index.php?rest_route=%2Fwp%2Fv2%2Fcomments&post=162103"}],"version-history":[{"count":1,"href":"https:\/\/www.fuldaernachrichten.de\/index.php?rest_route=\/wp\/v2\/posts\/162103\/revisions"}],"predecessor-version":[{"id":162107,"href":"https:\/\/www.fuldaernachrichten.de\/index.php?rest_route=\/wp\/v2\/posts\/162103\/revisions\/162107"}],"wp:attachment":[{"href":"https:\/\/www.fuldaernachrichten.de\/index.php?rest_route=%2Fwp%2Fv2%2Fmedia&parent=162103"}],"wp:term":[{"taxonomy":"category","embeddable":true,"href":"https:\/\/www.fuldaernachrichten.de\/index.php?rest_route=%2Fwp%2Fv2%2Fcategories&post=162103"},{"taxonomy":"post_tag","embeddable":true,"href":"https:\/\/www.fuldaernachrichten.de\/index.php?rest_route=%2Fwp%2Fv2%2Ftags&post=162103"}],"curies":[{"name":"wp","href":"https:\/\/api.w.org\/{rel}","templated":true}]}}