{"id":162084,"date":"2017-04-13T08:02:50","date_gmt":"2017-04-13T06:02:50","guid":{"rendered":"http:\/\/www.fuldaer-nachrichten.de\/?p=162084"},"modified":"2017-04-13T08:02:50","modified_gmt":"2017-04-13T06:02:50","slug":"19-jahre-ehrenamt-im-denkmalbeirat","status":"publish","type":"post","link":"https:\/\/www.fuldaernachrichten.de\/?p=162084","title":{"rendered":"19 Jahre Ehrenamt im Denkmalbeirat"},"content":{"rendered":"<p>Daf\u00fcr wurde in letzten Sitzung des Denkmalbeirates in Ober Gleen Frau Erika M\u00fcller von dem Vorsitzenden Kurt Schmidt in Namen des gesamten vorherigen und jetzigen Denkmalbeirates sowie Herrn Bernhard Hofmann vom Amt f\u00fcr Bauen und Umwelt des Vogelsbergkreises f\u00fcr ihre langj\u00e4hrige aktive T\u00e4tigkeit im Denkmalbeirat geehrt. Herr Hofmann \u00fcbergibt ein pers\u00f6nliches Dankesschreiben von Herrn Landrat G\u00f6rig und Herrn 1. Kreisbeigeordneten Dr. Mischak sowie einen Blumengru\u00df.<\/p>\n<p>Frau M\u00fcller war von 1997 bis 2001 stimmberechtigtes Mitglied von 2001 bis 2006 Stellv. Vorsitzende und von 2006 \u2013 2016 Vorsitzende des Denkmalbeirates also insgesamt 19 Jahre aktiv t\u00e4tig. Ihr kam es vor allem darauf an, unseren Nachkommen etwas zu erhalten. Sie ist weiterhin stark engagiert als ehrenamtliche Mitarbeiterin des Landesamts f\u00fcr Denkmalpflege, ist Mitglied in der Arch\u00e4ologischen Gesellschaft und auch im Vorstand des Vereins Pro Vogelsberg Touristik. Frau M\u00fcller war zudem federf\u00fchrend in der Ausarbeitung der Bonifatius Route im Vogelsbergkreis. Sie intensivierte die \u00d6ffentlichkeitsarbeit und verfa\u00dfte viele Presseberichte. Nahe Ihres Wohnortes Bleidenrod hat Sie Funde aus der brandkeramischen Epoche entdeckt und setzte sich f\u00fcr die Erkundung dieser au\u00dfergew\u00f6hnlichen Bodendenkm\u00e4ler initiativ ein. Da\u00df Ihr Herz am Denkmal h\u00e4ngt zeigt sich erneut in der Tatsache, da\u00df sie mit ihrer Erfahrung, den Denkmalbeirat weitere 5 Jahre als stimmberechtigtes Mitglied unterst\u00fctzt.<\/p>\n","protected":false},"excerpt":{"rendered":"<div class=\"tmnf_excerpt\"><p>Daf\u00fcr wurde in letzten Sitzung des Denkmalbeirates in Ober Gleen Frau Erika M\u00fcller von dem Vorsitzenden Kurt Schmidt in Namen des gesamten vorherigen und jetzigen Denkmalbeirates sowie Herrn Bernhard Hofmann vom Amt f\u00fcr Bauen und Umwelt des Vogelsbergkreises f\u00fcr ihre langj\u00e4hrige aktive T\u00e4tigkeit im Denkmalbeirat geehrt. Herr Hofmann \u00fcbergibt ein pers\u00f6nliches Dankesschreiben von Herrn Landrat &hellip;<\/p>\n<\/div>","protected":false},"author":1,"featured_media":0,"comment_status":"closed","ping_status":"closed","sticky":false,"template":"","format":"standard","meta":{"footnotes":""},"categories":[1],"tags":[],"class_list":["post-162084","post","type-post","status-publish","format-standard","hentry","category-startseite"],"_links":{"self":[{"href":"https:\/\/www.fuldaernachrichten.de\/index.php?rest_route=\/wp\/v2\/posts\/162084","targetHints":{"allow":["GET"]}}],"collection":[{"href":"https:\/\/www.fuldaernachrichten.de\/index.php?rest_route=\/wp\/v2\/posts"}],"about":[{"href":"https:\/\/www.fuldaernachrichten.de\/index.php?rest_route=\/wp\/v2\/types\/post"}],"author":[{"embeddable":true,"href":"https:\/\/www.fuldaernachrichten.de\/index.php?rest_route=\/wp\/v2\/users\/1"}],"replies":[{"embeddable":true,"href":"https:\/\/www.fuldaernachrichten.de\/index.php?rest_route=%2Fwp%2Fv2%2Fcomments&post=162084"}],"version-history":[{"count":1,"href":"https:\/\/www.fuldaernachrichten.de\/index.php?rest_route=\/wp\/v2\/posts\/162084\/revisions"}],"predecessor-version":[{"id":162086,"href":"https:\/\/www.fuldaernachrichten.de\/index.php?rest_route=\/wp\/v2\/posts\/162084\/revisions\/162086"}],"wp:attachment":[{"href":"https:\/\/www.fuldaernachrichten.de\/index.php?rest_route=%2Fwp%2Fv2%2Fmedia&parent=162084"}],"wp:term":[{"taxonomy":"category","embeddable":true,"href":"https:\/\/www.fuldaernachrichten.de\/index.php?rest_route=%2Fwp%2Fv2%2Fcategories&post=162084"},{"taxonomy":"post_tag","embeddable":true,"href":"https:\/\/www.fuldaernachrichten.de\/index.php?rest_route=%2Fwp%2Fv2%2Ftags&post=162084"}],"curies":[{"name":"wp","href":"https:\/\/api.w.org\/{rel}","templated":true}]}}