{"id":162081,"date":"2017-04-13T08:03:13","date_gmt":"2017-04-13T06:03:13","guid":{"rendered":"http:\/\/www.fuldaer-nachrichten.de\/?p=162081"},"modified":"2017-04-13T08:03:13","modified_gmt":"2017-04-13T06:03:13","slug":"ehrung-fuer-erika-mueller-denkmalprojekte-besprochen","status":"publish","type":"post","link":"https:\/\/www.fuldaernachrichten.de\/?p=162081","title":{"rendered":"Ehrung f\u00fcr Erika M\u00fcller \u2013 Denkmalprojekte besprochen"},"content":{"rendered":"<p>Der Vorsitzende des Denkmalbeirats Vogelsbergkreis Kurt Schmidt und B\u00fcrgermeister Ulrich K\u00fcnz begr\u00fc\u00dfen die Mitglieder des Denkmalbeirates im umfangreich sanierten Mehrgenerationenhaus in Ober-Gleen zur ihrer Sitzung. Durch die Dorferneuerung sei nicht nur das Mehrgenerationenhaus erhalten worden, so K\u00fcnz, \u201edurch die Dorferneuerung ist es gelungen, junge Familien in Ober-Gleen zu halten und die sinnvolle Umnutzung nicht mehr ben\u00f6tigter Scheunen zu erm\u00f6glichen\u201c. Er appellierte sich unbedingt f\u00fcr den Erhalt dieser F\u00f6rderungen im Rahmen der Dorferneuerung einzusetzen.<\/p>\n<p>Beispielhaft wurden dann einige sanierte Objekte in der Kirch- und Obergasse von au\u00dfen besichtigt. Als Schwerpunkt erl\u00e4uterte der Architekt Herbod Gans die im Rahmen der Dorferneuerung umfangreich sanierte ehemalige Synagoge. Diese war nach ihrer Aufgabe als Schmiede genutzt worden und stand danach jahrelang leer.<\/p>\n<p>Frau Erika M\u00fcller wurde f\u00fcr ihre 19 j\u00e4hrige Ehrenamtliche T\u00e4tigkeit im Denkmalbeirat geehrt,<\/p>\n<p>davon 10 Jahre als Vorsitzende. Sie gab Ende 2016 das Amt an Herrn Kurt Schmidt ab, f\u00fchrt ihr Mandat als stimmberechtigtes Mitglied aber weiter fort. F\u00fcr ihr langj\u00e4hriges Engagement<\/p>\n<p>dankt ihr der der Vorherige und Jetzige Denkmalbeirat. Bernhard Hofmann, Leiter des Amtes f\u00fcr Bauen und Umwelt, \u00fcberreichte ein pers\u00f6nliches Dankesschreiben von Landrat G\u00f6rig und dem Ersten\u00c2\u00a0 Kreisbeigeordneten Dr. Mischak sowie einen Blumengru\u00df.<\/p>\n<p>Aus der Unteren Denkmalschutzbeh\u00f6rde berichtete Bernhard Hofmann anschlie\u00dfend noch zur Br\u00fccke \u00fcber die ehemalige Eisenbahntrasse in Grebenhain-Hartmannshain, deren Abbruch entgegen dem Beschluss des Denkmalbeirates genehmigt wurde. Gr\u00fcnde hierf\u00fcr seien der erhebliche finanzielle Erhaltungsaufwand, fehlende Nutzungsperspektive, Verkehrssicherungspflichten der Gemeinde im Zusammenhang mit dem direkt darunter verlaufenden Vulkanradweg gewesen. \u201eDas Landesamt f\u00fcr Denkmalpflege hat diese Entscheidung der Kreisverwaltung mitgetragen. Sollten sich nun alternative Sanierungs- und Finanzierungsm\u00f6glichkeiten zum Erhalt der Br\u00fccke bieten, begr\u00fc\u00dfen der Denkmalbeirat, Kreisverwaltung und Landesamt f\u00fcr Denkmalpflege dies ausdr\u00fccklich\u201c, schlo\u00df er.<\/p>\n<p>Au\u00dferdem sei die umfangreiche Sanierung von Dach und Fachwerkkonstruktion des Neurathhauses in Alsfeld mit gutem Ergebnis abgeschlossen worden, bis Ende des Jahres soll auch die Fassadensanierung abgeschlossen werden. Ebenso seien die Au\u00dfenfassade und das Dach der \u201eVilla Raab\u201c saniert und nun stehe ein Treppenhausanbau f\u00fcr einen baulichen Rettungsweg an.<\/p>\n<p>Thema waren auch noch die Funde am Steinberg bei Wartenberg. Dort waren w\u00e4hrend der Fundamentarbeiten zur Errichtung der Windenergieanlagen H\u00fcgelgr\u00e4ber gefunden worden, die derzeit arch\u00e4ologisch erfa\u00dft und dann beseitigt werden sollen. Kreisverwaltung und Landesamt f\u00fcr Denkmalpflege hatten sich in ihrer Stellungnahme im vorangegangenen Genehmigungsverfahren nach Bundesimmissionsschutzgesetz sehr kritisch bis ablehnend zur Errichtung der Anlagen ge\u00e4u\u00dfert, \u201etrotzdem wurden s\u00e4mtliche Bedenken im Interesse des geforderten Ausbaus regenerativer Energien beseitigt\u201c, bedauert Dr. Thiedmann vom Landesamt f\u00fcr Denkmalpflege dieses gegen\u00fcber der Arch\u00e4ologie so r\u00fccksichtsloses Vorgehen.<\/p>\n","protected":false},"excerpt":{"rendered":"<div class=\"tmnf_excerpt\"><p>Der Vorsitzende des Denkmalbeirats Vogelsbergkreis Kurt Schmidt und B\u00fcrgermeister Ulrich K\u00fcnz begr\u00fc\u00dfen die Mitglieder des Denkmalbeirates im umfangreich sanierten Mehrgenerationenhaus in Ober-Gleen zur ihrer Sitzung. Durch die Dorferneuerung sei nicht nur das Mehrgenerationenhaus erhalten worden, so K\u00fcnz, \u201edurch die Dorferneuerung ist es gelungen, junge Familien in Ober-Gleen zu halten und die sinnvolle Umnutzung nicht mehr &hellip;<\/p>\n<\/div>","protected":false},"author":1,"featured_media":0,"comment_status":"closed","ping_status":"closed","sticky":false,"template":"","format":"standard","meta":{"footnotes":""},"categories":[1],"tags":[],"class_list":["post-162081","post","type-post","status-publish","format-standard","hentry","category-startseite"],"_links":{"self":[{"href":"https:\/\/www.fuldaernachrichten.de\/index.php?rest_route=\/wp\/v2\/posts\/162081","targetHints":{"allow":["GET"]}}],"collection":[{"href":"https:\/\/www.fuldaernachrichten.de\/index.php?rest_route=\/wp\/v2\/posts"}],"about":[{"href":"https:\/\/www.fuldaernachrichten.de\/index.php?rest_route=\/wp\/v2\/types\/post"}],"author":[{"embeddable":true,"href":"https:\/\/www.fuldaernachrichten.de\/index.php?rest_route=\/wp\/v2\/users\/1"}],"replies":[{"embeddable":true,"href":"https:\/\/www.fuldaernachrichten.de\/index.php?rest_route=%2Fwp%2Fv2%2Fcomments&post=162081"}],"version-history":[{"count":1,"href":"https:\/\/www.fuldaernachrichten.de\/index.php?rest_route=\/wp\/v2\/posts\/162081\/revisions"}],"predecessor-version":[{"id":162088,"href":"https:\/\/www.fuldaernachrichten.de\/index.php?rest_route=\/wp\/v2\/posts\/162081\/revisions\/162088"}],"wp:attachment":[{"href":"https:\/\/www.fuldaernachrichten.de\/index.php?rest_route=%2Fwp%2Fv2%2Fmedia&parent=162081"}],"wp:term":[{"taxonomy":"category","embeddable":true,"href":"https:\/\/www.fuldaernachrichten.de\/index.php?rest_route=%2Fwp%2Fv2%2Fcategories&post=162081"},{"taxonomy":"post_tag","embeddable":true,"href":"https:\/\/www.fuldaernachrichten.de\/index.php?rest_route=%2Fwp%2Fv2%2Ftags&post=162081"}],"curies":[{"name":"wp","href":"https:\/\/api.w.org\/{rel}","templated":true}]}}