{"id":162067,"date":"2017-04-13T08:00:16","date_gmt":"2017-04-13T06:00:16","guid":{"rendered":"http:\/\/www.fuldaer-nachrichten.de\/?p=162067"},"modified":"2017-04-13T08:00:16","modified_gmt":"2017-04-13T06:00:16","slug":"neues-sicherheitskonzept-am-klinikum-fulda-ab-15-april-2017-nachtzutritt-zur-notaufnahme-durch-klingel-gewaehrleistet","status":"publish","type":"post","link":"https:\/\/www.fuldaernachrichten.de\/?p=162067","title":{"rendered":"Neues Sicherheitskonzept am Klinikum Fulda  Ab 15. April 2017:  Nachtzutritt zur Notaufnahme durch Klingel gew\u00e4hrleistet  \u00c2\u00a0"},"content":{"rendered":"<p><b><\/b><b>Das Krankenhaus ist ein Ort von Menschlichkeit und zugleich von h\u00f6chster technischer Pr\u00e4zision. Hier sollen sich Menschen geborgen f\u00fchlen, um im besten Falle rasch zu genesen. Darum ist und bleibt ein Krankenhaus auch ein Ort der Offenheit, denn die Patienten sollen nicht abgeschieden sein vom Leben, sondern zu m\u00f6glichst vielen Stunden am Tag Besuch von Angeh\u00f6rigen, Freunden und Kollegen empfangen k\u00f6nnen. Aber wir wissen ebenso:\u00c2\u00a0 Kriminalit\u00e4t hat auch vor Krankenh\u00e4usern noch nie Halt gemacht. Bedrohungen und \u00dcbergriffe durch gewaltbereite Personen und Diebstahl von Material und Ger\u00e4ten gibt es auch im Klinikum Fulda. Um Patienten, Angeh\u00f6rige und Mitarbeiter zu sch\u00fctzen, verfolgt das Klinikum Fulda seit jeher ein Sicherheitskonzept und passt es immer wieder den Erfordernissen an.\u00c2\u00a0<\/b><\/p>\n<p>Darum besch\u00e4ftigt sich eine eigens eingerichtete Arbeitsgruppe unter der Leitung des Vorstandes des Klinikums Fulda seit einigen Wochen mit der Aktualisierung des Sicherheitskonzeptes. \u201eDer Schutz der Mitarbeiterinnen und Mitarbeiter und der uns anvertrauten Patientinnen und Patienten vor \u00dcbergriffen hat den h\u00f6chsten Stellenwert\u201c, betont Vorstands-Sprecher Priv.-Doz. Dr. Thomas Menzel, \u201ees geht zun\u00e4chst um die uns anvertrauten Menschen, aber auch um einen wirkungsvollen Schutz der teuren medizinischen Ger\u00e4te und Arzneimittel.\u201c<\/p>\n<p>Auch wenn das Konzept noch nicht endg\u00fcltig fertiggestellt ist, wird eine Ma\u00dfnahme bereits ab dem 15.04.2017 umgesetzt: in einem ersten Schritt wird der Haupteingang zur Eingangshalle (Dreht\u00fcr) in der Zeit von 22.00 Uhr abends bis 5.00 Uhr morgens verschlossen. W\u00e4hrend dieser Zeit fungiert die danebenliegende Fl\u00fcgelt\u00fcr als Nachteingangst\u00fcr. Die T\u00fcr wird w\u00e4hrend dieser Zeit video\u00fcberwacht und vom Wachdienst bzw. den Mitarbeitern der Zentralen Notaufnahme auf Klingeln f\u00fcr Dritte &#8211; wie z.B. Patienten &#8211; ge\u00f6ffnet. \u201eDer Nachtzutritt ist somit f\u00fcr unsere Patienten, die in die Notaufnahme wollen, durch die Klingel jederzeit gew\u00e4hrleistet\u201c, betont Dr. Menzel.<\/p>\n<p>\u201eDie Mitarbeiterinnen und Mitarbeiter k\u00f6nnen die Nachteingangst\u00fcr mit einem speziellen Chip von au\u00dfen \u00f6ffnen. \u201eAlle unsere Mitarbeiter sind zur besonderen Wachsamkeit aufgerufen, sodass die Au\u00dfent\u00fcren stets ordnungsgem\u00e4\u00df verschlossen bleiben und z.B. Fluchtt\u00fcren nicht durch Entriegeln von au\u00dfen zu \u00f6ffnen sind. Denn auch das Blockieren von T\u00fcren stellt ein erhebliches Sicherheitsrisiko dar\u201c, so Dr. Menzel weiter: \u201eWir wollen, dass unser Klinikum auch in Zukunft ein sicherer Ort bleibt, an dem sich Patienten und Angeh\u00f6rige gut und geborgen aufgehoben f\u00fchlen.\u201c<\/p>\n","protected":false},"excerpt":{"rendered":"<div class=\"tmnf_excerpt\"><p>Das Krankenhaus ist ein Ort von Menschlichkeit und zugleich von h\u00f6chster technischer Pr\u00e4zision. Hier sollen sich Menschen geborgen f\u00fchlen, um im besten Falle rasch zu genesen. Darum ist und bleibt ein Krankenhaus auch ein Ort der Offenheit, denn die Patienten sollen nicht abgeschieden sein vom Leben, sondern zu m\u00f6glichst vielen Stunden am Tag Besuch von &hellip;<\/p>\n<\/div>","protected":false},"author":1,"featured_media":0,"comment_status":"closed","ping_status":"closed","sticky":false,"template":"","format":"standard","meta":{"footnotes":""},"categories":[1],"tags":[],"class_list":["post-162067","post","type-post","status-publish","format-standard","hentry","category-startseite"],"_links":{"self":[{"href":"https:\/\/www.fuldaernachrichten.de\/index.php?rest_route=\/wp\/v2\/posts\/162067","targetHints":{"allow":["GET"]}}],"collection":[{"href":"https:\/\/www.fuldaernachrichten.de\/index.php?rest_route=\/wp\/v2\/posts"}],"about":[{"href":"https:\/\/www.fuldaernachrichten.de\/index.php?rest_route=\/wp\/v2\/types\/post"}],"author":[{"embeddable":true,"href":"https:\/\/www.fuldaernachrichten.de\/index.php?rest_route=\/wp\/v2\/users\/1"}],"replies":[{"embeddable":true,"href":"https:\/\/www.fuldaernachrichten.de\/index.php?rest_route=%2Fwp%2Fv2%2Fcomments&post=162067"}],"version-history":[{"count":1,"href":"https:\/\/www.fuldaernachrichten.de\/index.php?rest_route=\/wp\/v2\/posts\/162067\/revisions"}],"predecessor-version":[{"id":162076,"href":"https:\/\/www.fuldaernachrichten.de\/index.php?rest_route=\/wp\/v2\/posts\/162067\/revisions\/162076"}],"wp:attachment":[{"href":"https:\/\/www.fuldaernachrichten.de\/index.php?rest_route=%2Fwp%2Fv2%2Fmedia&parent=162067"}],"wp:term":[{"taxonomy":"category","embeddable":true,"href":"https:\/\/www.fuldaernachrichten.de\/index.php?rest_route=%2Fwp%2Fv2%2Fcategories&post=162067"},{"taxonomy":"post_tag","embeddable":true,"href":"https:\/\/www.fuldaernachrichten.de\/index.php?rest_route=%2Fwp%2Fv2%2Ftags&post=162067"}],"curies":[{"name":"wp","href":"https:\/\/api.w.org\/{rel}","templated":true}]}}