{"id":162065,"date":"2017-04-13T07:59:02","date_gmt":"2017-04-13T05:59:02","guid":{"rendered":"http:\/\/www.fuldaer-nachrichten.de\/?p=162065"},"modified":"2017-04-13T07:59:02","modified_gmt":"2017-04-13T05:59:02","slug":"stadtspaziergang-innenstadt","status":"publish","type":"post","link":"https:\/\/www.fuldaernachrichten.de\/?p=162065","title":{"rendered":"Stadtspaziergang Innenstadt"},"content":{"rendered":"<p>Am Donnerstag, den 20. April, um 14:00 Uhr bietet das Seniorenb\u00fcro der Stadt Fulda einen Stadtspaziergang durch die Innenstadt an. Wir starten mit dem ca. 3,5 km langen Rundgang im Senioren\u00c2\u00adb\u00fcro im Palais Buttlar am Bonifatiusplatz. Auf dem Weg durch die Innenstadt erkl\u00e4rt Gisela Wehr-Tiemeier kurz etwas zur T\u00e4tigkeit der verschiedenen sozialen Einrichtun\u00c2\u00adgen, an denen wir vorbei gehen. Am Ende der F\u00fchrung k\u00f6nnen beim Kaffeetrinken im Wintergartencaf\u00e9 des Mediana Wohnstifts\u00c2\u00a0 Erfahrungen ausge\u00c2\u00adtauscht werden.<\/p>\n<p>Zur Planung ist eine Anmeldung unter Telefon 102-1972 oder 102-1974 oder 102-1967 oder 607423, oder E-Mail: <a href=\"mailto:senioren-buero@fulda.de\">senioren-buero@fulda.de<\/a> erforderlich.<\/p>\n","protected":false},"excerpt":{"rendered":"<div class=\"tmnf_excerpt\"><p>Am Donnerstag, den 20. April, um 14:00 Uhr bietet das Seniorenb\u00fcro der Stadt Fulda einen Stadtspaziergang durch die Innenstadt an. Wir starten mit dem ca. 3,5 km langen Rundgang im Senioren\u00c2\u00adb\u00fcro im Palais Buttlar am Bonifatiusplatz. Auf dem Weg durch die Innenstadt erkl\u00e4rt Gisela Wehr-Tiemeier kurz etwas zur T\u00e4tigkeit der verschiedenen sozialen Einrichtun\u00c2\u00adgen, an denen &hellip;<\/p>\n<\/div>","protected":false},"author":1,"featured_media":0,"comment_status":"closed","ping_status":"closed","sticky":false,"template":"","format":"standard","meta":{"footnotes":""},"categories":[1],"tags":[],"class_list":["post-162065","post","type-post","status-publish","format-standard","hentry","category-startseite"],"_links":{"self":[{"href":"https:\/\/www.fuldaernachrichten.de\/index.php?rest_route=\/wp\/v2\/posts\/162065","targetHints":{"allow":["GET"]}}],"collection":[{"href":"https:\/\/www.fuldaernachrichten.de\/index.php?rest_route=\/wp\/v2\/posts"}],"about":[{"href":"https:\/\/www.fuldaernachrichten.de\/index.php?rest_route=\/wp\/v2\/types\/post"}],"author":[{"embeddable":true,"href":"https:\/\/www.fuldaernachrichten.de\/index.php?rest_route=\/wp\/v2\/users\/1"}],"replies":[{"embeddable":true,"href":"https:\/\/www.fuldaernachrichten.de\/index.php?rest_route=%2Fwp%2Fv2%2Fcomments&post=162065"}],"version-history":[{"count":1,"href":"https:\/\/www.fuldaernachrichten.de\/index.php?rest_route=\/wp\/v2\/posts\/162065\/revisions"}],"predecessor-version":[{"id":162071,"href":"https:\/\/www.fuldaernachrichten.de\/index.php?rest_route=\/wp\/v2\/posts\/162065\/revisions\/162071"}],"wp:attachment":[{"href":"https:\/\/www.fuldaernachrichten.de\/index.php?rest_route=%2Fwp%2Fv2%2Fmedia&parent=162065"}],"wp:term":[{"taxonomy":"category","embeddable":true,"href":"https:\/\/www.fuldaernachrichten.de\/index.php?rest_route=%2Fwp%2Fv2%2Fcategories&post=162065"},{"taxonomy":"post_tag","embeddable":true,"href":"https:\/\/www.fuldaernachrichten.de\/index.php?rest_route=%2Fwp%2Fv2%2Ftags&post=162065"}],"curies":[{"name":"wp","href":"https:\/\/api.w.org\/{rel}","templated":true}]}}