{"id":162061,"date":"2017-04-13T07:58:51","date_gmt":"2017-04-13T05:58:51","guid":{"rendered":"http:\/\/www.fuldaer-nachrichten.de\/?p=162061"},"modified":"2017-04-13T07:58:51","modified_gmt":"2017-04-13T05:58:51","slug":"karfreitag-ist-ausstellungseroeffnung-im-tuempelgarten-2","status":"publish","type":"post","link":"https:\/\/www.fuldaernachrichten.de\/?p=162061","title":{"rendered":"Karfreitag ist Ausstellungser\u00f6ffnung im T\u00fcmpelgarten"},"content":{"rendered":"<p>Der T\u00fcmpelgarten erwacht aus seinem Winterschlag. Ab Karfreitag \u00f6ffnet der Aquarien- und Terrarienverein \u201eScalare\u201c wieder seine Pforten f\u00fcr die \u00d6ffentlichkeit. Bis weit in den Herbst kann jetzt wieder jedermann sonn- und feiertags das gro\u00dfe Vereinsgel\u00e4nde mit seiner auch \u00fcberregional bekannten Ausstellung in der Zeit von 10-17 Uhr besuchen.<\/p>\n<p>In eine Reihe von Becken und Terrarien sind neue Bewohner eingezogen. Auch sind zus\u00e4tzliche Beh\u00e4lter aufgebaut und eingerichtet worden. So leben jetzt im l\u00e4ngsten Becken des Vereins relativ gro\u00dfe Fische aus dem Amazonas, darunter auch ein Stachelrochen. Hauptanziehungspunkt sind nat\u00fcrlich weiterhin die 10 Kubakrokodile. Klara und Willi leben ja schon seit etwa zwei Jahrzehnten im T\u00fcmpelgarten. Ihr Nachwuchs wurde in den Jahren 2015 und 2016 geboren. Schildkr\u00f6ten, Fische und vieles andere exotische Getier aus allen Kontinenten pr\u00e4sentieren sich ebenfalls dem interessierten Betrachter.<\/p>\n<p>Dass der T\u00fcmpelgarten immer einen Ausflug wert ist, hat sich inzwischen herumgesprochen, denn bei jedem Wetter bieten die weitl\u00e4ufigen \u00d6rtlichkeiten mit den \u00fcber 40 Freigehegen, Beh\u00e4ltern und Becken ein hohes Ma\u00df an Ruhe und Erholung. Auch Kinder sind gern gesehene G\u00e4ste, ob mit Eltern und\/oder Gro\u00dfeltern &#8211; am besten mit der ganzen Familie. In diesem Jahr erh\u00e4lt jeder kleine Ausstellungsbesucher eine s\u00fc\u00dfe \u00dcberraschung. Ein Osterspaziergang zum T\u00fcmpelgarten bietet Abwechslung und interessanten Gespr\u00e4chsstoff f\u00fcr die ganze Familie. Parkpl\u00e4tze sind in ausreichender Menge, sowohl auf dem Vereinsgel\u00e4nde als auch auf dem tegut-Grundst\u00fcck direkt gegen\u00fcber, vorhanden. Auch mit dem Fahrrad ist die Ausstellung bequem zu erreichen, denn direkt an der Fulda, quasi unter der Horaser Eisenbahnbr\u00fccke ist der Hintereingang zum Vereinsgel\u00e4nde. Das Ausstellungsgeb\u00e4ude mit seinen subtropischen Temperaturen sowie seiner Dschungelatmosph\u00e4re l\u00e4sst tats\u00e4chlich sogar Urlaubsgef\u00fchle aufkeimen.<\/p>\n<p>Also \u2013 auf in den T\u00fcmpelgarten. Die \u201eScalare\u201c erwarten Sie.<\/p>\n","protected":false},"excerpt":{"rendered":"<div class=\"tmnf_excerpt\"><p>Der T\u00fcmpelgarten erwacht aus seinem Winterschlag. Ab Karfreitag \u00f6ffnet der Aquarien- und Terrarienverein \u201eScalare\u201c wieder seine Pforten f\u00fcr die \u00d6ffentlichkeit. Bis weit in den Herbst kann jetzt wieder jedermann sonn- und feiertags das gro\u00dfe Vereinsgel\u00e4nde mit seiner auch \u00fcberregional bekannten Ausstellung in der Zeit von 10-17 Uhr besuchen. In eine Reihe von Becken und Terrarien &hellip;<\/p>\n<\/div>","protected":false},"author":1,"featured_media":162068,"comment_status":"closed","ping_status":"closed","sticky":false,"template":"","format":"standard","meta":{"footnotes":""},"categories":[1],"tags":[],"class_list":["post-162061","post","type-post","status-publish","format-standard","has-post-thumbnail","hentry","category-startseite"],"_links":{"self":[{"href":"https:\/\/www.fuldaernachrichten.de\/index.php?rest_route=\/wp\/v2\/posts\/162061","targetHints":{"allow":["GET"]}}],"collection":[{"href":"https:\/\/www.fuldaernachrichten.de\/index.php?rest_route=\/wp\/v2\/posts"}],"about":[{"href":"https:\/\/www.fuldaernachrichten.de\/index.php?rest_route=\/wp\/v2\/types\/post"}],"author":[{"embeddable":true,"href":"https:\/\/www.fuldaernachrichten.de\/index.php?rest_route=\/wp\/v2\/users\/1"}],"replies":[{"embeddable":true,"href":"https:\/\/www.fuldaernachrichten.de\/index.php?rest_route=%2Fwp%2Fv2%2Fcomments&post=162061"}],"version-history":[{"count":1,"href":"https:\/\/www.fuldaernachrichten.de\/index.php?rest_route=\/wp\/v2\/posts\/162061\/revisions"}],"predecessor-version":[{"id":162069,"href":"https:\/\/www.fuldaernachrichten.de\/index.php?rest_route=\/wp\/v2\/posts\/162061\/revisions\/162069"}],"wp:featuredmedia":[{"embeddable":true,"href":"https:\/\/www.fuldaernachrichten.de\/index.php?rest_route=\/wp\/v2\/media\/162068"}],"wp:attachment":[{"href":"https:\/\/www.fuldaernachrichten.de\/index.php?rest_route=%2Fwp%2Fv2%2Fmedia&parent=162061"}],"wp:term":[{"taxonomy":"category","embeddable":true,"href":"https:\/\/www.fuldaernachrichten.de\/index.php?rest_route=%2Fwp%2Fv2%2Fcategories&post=162061"},{"taxonomy":"post_tag","embeddable":true,"href":"https:\/\/www.fuldaernachrichten.de\/index.php?rest_route=%2Fwp%2Fv2%2Ftags&post=162061"}],"curies":[{"name":"wp","href":"https:\/\/api.w.org\/{rel}","templated":true}]}}