{"id":162054,"date":"2017-04-13T07:49:52","date_gmt":"2017-04-13T05:49:52","guid":{"rendered":"http:\/\/www.fuldaer-nachrichten.de\/?p=162054"},"modified":"2017-04-13T07:49:52","modified_gmt":"2017-04-13T05:49:52","slug":"dlg-bestaetigt-nachhaltige-qualitaetsleistung-preisverleihung-in-fulda","status":"publish","type":"post","link":"https:\/\/www.fuldaernachrichten.de\/?p=162054","title":{"rendered":"DLG best\u00e4tigt nachhaltige Qualit\u00e4tsleistung \u2013 Preisverleihung in Fulda"},"content":{"rendered":"<p class=\"3\">Die Herzberger B\u00e4ckerei aus Fulda ist jetzt von der DLG (Deutsche Landwirtschafts-Gesellschaft) zum 19. Mal mit dem \u201ePreis f\u00fcr langj\u00e4hrige Produktqualit\u00e4t\u201c geehrt worden. Das Unternehmen erh\u00e4lt die Auszeichnung f\u00fcr die Qualit\u00e4t seiner Produkte, die im Rahmen der\u00c2\u00a0DLG-Qualit\u00e4tspr\u00fcfungen f\u00fcr\u00c2\u00a0Brotregelm\u00e4\u00dfig untersucht werden.<\/p>\n<p class=\"3\">Zahlreiche Unternehmen der Lebensmittelwirtschaft lassen ihre Produkte seit vielen Jahren freiwillig durch die Sachverst\u00e4ndigen der DLG testen. Um dieses Qualit\u00e4tsstreben nachhaltig zu f\u00f6rdern, vergibt die DLG den \u201ePreis f\u00fcr langj\u00e4hrige Produktqualit\u00e4t\u201c. Die\u00c2\u00a0Auszeichnung wird seit 30 Jahren j\u00e4hrlich an Hersteller von Lebensmitteln verliehen.<\/p>\n<p class=\"fliessohne\">Unternehmen m\u00fcssen f\u00fcnf Jahre in Folge an den Qualit\u00e4tspr\u00fcfungen des DLG-Testzentrums Lebensmittel teilnehmen und pro Pr\u00e4mierungsjahr mindestens drei Pr\u00e4mierungen erzielen. Ab dem 5. erfolgreichen Teilnahmejahr wird der Betrieb mit dem \u201ePreis f\u00fcr langj\u00e4hrige Produktqualit\u00e4t\u201c ausgezeichnet. Nimmt ein Hersteller in einem Jahr nicht teil oder erreicht er nicht die erforderliche Anzahl an Pr\u00e4mierungen, so verliert er seinen Anspruch auf die Auszeichnung.<\/p>\n","protected":false},"excerpt":{"rendered":"<div class=\"tmnf_excerpt\"><p>Die Herzberger B\u00e4ckerei aus Fulda ist jetzt von der DLG (Deutsche Landwirtschafts-Gesellschaft) zum 19. Mal mit dem \u201ePreis f\u00fcr langj\u00e4hrige Produktqualit\u00e4t\u201c geehrt worden. Das Unternehmen erh\u00e4lt die Auszeichnung f\u00fcr die Qualit\u00e4t seiner Produkte, die im Rahmen der\u00c2\u00a0DLG-Qualit\u00e4tspr\u00fcfungen f\u00fcr\u00c2\u00a0Brotregelm\u00e4\u00dfig untersucht werden. Zahlreiche Unternehmen der Lebensmittelwirtschaft lassen ihre Produkte seit vielen Jahren freiwillig durch die Sachverst\u00e4ndigen der &hellip;<\/p>\n<\/div>","protected":false},"author":1,"featured_media":0,"comment_status":"closed","ping_status":"closed","sticky":false,"template":"","format":"standard","meta":{"footnotes":""},"categories":[1],"tags":[],"class_list":["post-162054","post","type-post","status-publish","format-standard","hentry","category-startseite"],"_links":{"self":[{"href":"https:\/\/www.fuldaernachrichten.de\/index.php?rest_route=\/wp\/v2\/posts\/162054","targetHints":{"allow":["GET"]}}],"collection":[{"href":"https:\/\/www.fuldaernachrichten.de\/index.php?rest_route=\/wp\/v2\/posts"}],"about":[{"href":"https:\/\/www.fuldaernachrichten.de\/index.php?rest_route=\/wp\/v2\/types\/post"}],"author":[{"embeddable":true,"href":"https:\/\/www.fuldaernachrichten.de\/index.php?rest_route=\/wp\/v2\/users\/1"}],"replies":[{"embeddable":true,"href":"https:\/\/www.fuldaernachrichten.de\/index.php?rest_route=%2Fwp%2Fv2%2Fcomments&post=162054"}],"version-history":[{"count":1,"href":"https:\/\/www.fuldaernachrichten.de\/index.php?rest_route=\/wp\/v2\/posts\/162054\/revisions"}],"predecessor-version":[{"id":162058,"href":"https:\/\/www.fuldaernachrichten.de\/index.php?rest_route=\/wp\/v2\/posts\/162054\/revisions\/162058"}],"wp:attachment":[{"href":"https:\/\/www.fuldaernachrichten.de\/index.php?rest_route=%2Fwp%2Fv2%2Fmedia&parent=162054"}],"wp:term":[{"taxonomy":"category","embeddable":true,"href":"https:\/\/www.fuldaernachrichten.de\/index.php?rest_route=%2Fwp%2Fv2%2Fcategories&post=162054"},{"taxonomy":"post_tag","embeddable":true,"href":"https:\/\/www.fuldaernachrichten.de\/index.php?rest_route=%2Fwp%2Fv2%2Ftags&post=162054"}],"curies":[{"name":"wp","href":"https:\/\/api.w.org\/{rel}","templated":true}]}}