{"id":162044,"date":"2017-04-13T07:47:45","date_gmt":"2017-04-13T05:47:45","guid":{"rendered":"http:\/\/www.fuldaer-nachrichten.de\/?p=162044"},"modified":"2017-04-13T07:47:45","modified_gmt":"2017-04-13T05:47:45","slug":"solotheater-zu-jekyll-und-hyde","status":"publish","type":"post","link":"https:\/\/www.fuldaernachrichten.de\/?p=162044","title":{"rendered":"Solotheater zu Jekyll und Hyde"},"content":{"rendered":"<p>F\u00fcr den Rathausabend mit Markus Grimm am 25. April um 20 Uhr im H\u00fcnfelder Rathaussaal sind noch Restkarten bei der Buchhandlung M\u00f6ller in H\u00fcnfeld erh\u00e4ltlich. In seinem Solotheater bringt Markus Grimm den Klassiker \u201eJekyll und Hyde\u201c auf die B\u00fchne. Mit diesem Roman erzielte der junge Schriftsteller Robert Louis Stevenson 1886 seinen literarischen Durchbruch. Der ehrbare Dr. Jekyll und der finstere Mister Hyde konnten kaum gegens\u00e4tzlicher sein. Und doch verband sie ein Verh\u00e4ngnis. Jekylls freundschaftlicher Anwalt Utterson macht sich auf die Suche. Was spielt sich ab zwischen seinem alten Freund und dessen \u201eunheimlichem G\u00fcnstling\u201c?. Eine atemberaubende Jagd nach der schrecklichen Wahrheit beginnt, die von Markus Grimm ausdrucksstark mit einfachsten Mitteln auf die B\u00fchne im Rathaussaal gebracht wird. Karten kosten im Vorverkauf f\u00fcr Erwachsene je nach Kategorie 8 oder 6 und f\u00fcr Jugendliche 6 oder 4 Euro. Die Preise an der Abendkasse betragen 9 oder 7, f\u00fcr Jugendliche 7 oder 5 Euro.<\/p>\n","protected":false},"excerpt":{"rendered":"<div class=\"tmnf_excerpt\"><p>F\u00fcr den Rathausabend mit Markus Grimm am 25. April um 20 Uhr im H\u00fcnfelder Rathaussaal sind noch Restkarten bei der Buchhandlung M\u00f6ller in H\u00fcnfeld erh\u00e4ltlich. In seinem Solotheater bringt Markus Grimm den Klassiker \u201eJekyll und Hyde\u201c auf die B\u00fchne. Mit diesem Roman erzielte der junge Schriftsteller Robert Louis Stevenson 1886 seinen literarischen Durchbruch. Der ehrbare &hellip;<\/p>\n<\/div>","protected":false},"author":1,"featured_media":0,"comment_status":"closed","ping_status":"closed","sticky":false,"template":"","format":"standard","meta":{"footnotes":""},"categories":[1],"tags":[],"class_list":["post-162044","post","type-post","status-publish","format-standard","hentry","category-startseite"],"_links":{"self":[{"href":"https:\/\/www.fuldaernachrichten.de\/index.php?rest_route=\/wp\/v2\/posts\/162044","targetHints":{"allow":["GET"]}}],"collection":[{"href":"https:\/\/www.fuldaernachrichten.de\/index.php?rest_route=\/wp\/v2\/posts"}],"about":[{"href":"https:\/\/www.fuldaernachrichten.de\/index.php?rest_route=\/wp\/v2\/types\/post"}],"author":[{"embeddable":true,"href":"https:\/\/www.fuldaernachrichten.de\/index.php?rest_route=\/wp\/v2\/users\/1"}],"replies":[{"embeddable":true,"href":"https:\/\/www.fuldaernachrichten.de\/index.php?rest_route=%2Fwp%2Fv2%2Fcomments&post=162044"}],"version-history":[{"count":1,"href":"https:\/\/www.fuldaernachrichten.de\/index.php?rest_route=\/wp\/v2\/posts\/162044\/revisions"}],"predecessor-version":[{"id":162053,"href":"https:\/\/www.fuldaernachrichten.de\/index.php?rest_route=\/wp\/v2\/posts\/162044\/revisions\/162053"}],"wp:attachment":[{"href":"https:\/\/www.fuldaernachrichten.de\/index.php?rest_route=%2Fwp%2Fv2%2Fmedia&parent=162044"}],"wp:term":[{"taxonomy":"category","embeddable":true,"href":"https:\/\/www.fuldaernachrichten.de\/index.php?rest_route=%2Fwp%2Fv2%2Fcategories&post=162044"},{"taxonomy":"post_tag","embeddable":true,"href":"https:\/\/www.fuldaernachrichten.de\/index.php?rest_route=%2Fwp%2Fv2%2Ftags&post=162044"}],"curies":[{"name":"wp","href":"https:\/\/api.w.org\/{rel}","templated":true}]}}