{"id":162041,"date":"2017-04-13T07:46:35","date_gmt":"2017-04-13T05:46:35","guid":{"rendered":"http:\/\/www.fuldaer-nachrichten.de\/?p=162041"},"modified":"2017-04-13T07:46:35","modified_gmt":"2017-04-13T05:46:35","slug":"philosophischer-feierabend-2","status":"publish","type":"post","link":"https:\/\/www.fuldaernachrichten.de\/?p=162041","title":{"rendered":"Philosophischer Feierabend"},"content":{"rendered":"<p>Der n\u00e4chste Vortrag in der vhs-Reihe \u201ePhilosophische Feierabende mit Dr. Christoph Quarch\u201c findet am Mittwoch, 19. April um 19.30 Uhr im vhs-Forum Kanzlerpalais in Fulda statt. Thematisch geht es um die Entstehung der Gottesbilder in den Mythen der Antike.<\/p>\n<p>Die Teilnehmergeb\u00fchr betr\u00e4gt 10,00 \u00e2\u201a\u00ac an der Abendkasse, 8,00 \u00e2\u201a\u00ac im Vorverkauf in der vhs-Gesch\u00e4ftsstelle, Unterm Hl. Kreuz 1.<\/p>\n","protected":false},"excerpt":{"rendered":"<div class=\"tmnf_excerpt\"><p>Der n\u00e4chste Vortrag in der vhs-Reihe \u201ePhilosophische Feierabende mit Dr. Christoph Quarch\u201c findet am Mittwoch, 19. April um 19.30 Uhr im vhs-Forum Kanzlerpalais in Fulda statt. Thematisch geht es um die Entstehung der Gottesbilder in den Mythen der Antike. Die Teilnehmergeb\u00fchr betr\u00e4gt 10,00 \u00e2\u201a\u00ac an der Abendkasse, 8,00 \u00e2\u201a\u00ac im Vorverkauf in der vhs-Gesch\u00e4ftsstelle, Unterm &hellip;<\/p>\n<\/div>","protected":false},"author":1,"featured_media":0,"comment_status":"closed","ping_status":"closed","sticky":false,"template":"","format":"standard","meta":{"footnotes":""},"categories":[1],"tags":[],"class_list":["post-162041","post","type-post","status-publish","format-standard","hentry","category-startseite"],"_links":{"self":[{"href":"https:\/\/www.fuldaernachrichten.de\/index.php?rest_route=\/wp\/v2\/posts\/162041","targetHints":{"allow":["GET"]}}],"collection":[{"href":"https:\/\/www.fuldaernachrichten.de\/index.php?rest_route=\/wp\/v2\/posts"}],"about":[{"href":"https:\/\/www.fuldaernachrichten.de\/index.php?rest_route=\/wp\/v2\/types\/post"}],"author":[{"embeddable":true,"href":"https:\/\/www.fuldaernachrichten.de\/index.php?rest_route=\/wp\/v2\/users\/1"}],"replies":[{"embeddable":true,"href":"https:\/\/www.fuldaernachrichten.de\/index.php?rest_route=%2Fwp%2Fv2%2Fcomments&post=162041"}],"version-history":[{"count":1,"href":"https:\/\/www.fuldaernachrichten.de\/index.php?rest_route=\/wp\/v2\/posts\/162041\/revisions"}],"predecessor-version":[{"id":162049,"href":"https:\/\/www.fuldaernachrichten.de\/index.php?rest_route=\/wp\/v2\/posts\/162041\/revisions\/162049"}],"wp:attachment":[{"href":"https:\/\/www.fuldaernachrichten.de\/index.php?rest_route=%2Fwp%2Fv2%2Fmedia&parent=162041"}],"wp:term":[{"taxonomy":"category","embeddable":true,"href":"https:\/\/www.fuldaernachrichten.de\/index.php?rest_route=%2Fwp%2Fv2%2Fcategories&post=162041"},{"taxonomy":"post_tag","embeddable":true,"href":"https:\/\/www.fuldaernachrichten.de\/index.php?rest_route=%2Fwp%2Fv2%2Ftags&post=162041"}],"curies":[{"name":"wp","href":"https:\/\/api.w.org\/{rel}","templated":true}]}}