{"id":162039,"date":"2017-04-13T07:45:52","date_gmt":"2017-04-13T05:45:52","guid":{"rendered":"http:\/\/www.fuldaer-nachrichten.de\/?p=162039"},"modified":"2017-04-13T07:45:52","modified_gmt":"2017-04-13T05:45:52","slug":"ein-lied-geht-um-die-welt","status":"publish","type":"post","link":"https:\/\/www.fuldaernachrichten.de\/?p=162039","title":{"rendered":"Ein Lied geht um die Welt"},"content":{"rendered":"<p>Fr\u00fchlingszeit \u2013 Reisezeit. Zu einer musikalischen Weltreise f\u00fcr Seniorinnen und Senioren l\u00e4dt das Bonifatiushaus Fulda vom 24. \u2013 28. April 2017 ein. Unter der Leitung der Musikp\u00e4dagogin Christine Ebert werden mit Tanz und Musik, aber auch auf kreative Weise andere L\u00e4nder und Landschaften der Erde besucht. Am Donnerstag, den 27. April 2017 ist das Seminar offen f\u00fcr alle, die im Rahmen der Seniorenwoche in Fulda einmal hereinschauen und beim gemeinsamen Tun mitmachen m\u00f6chten. Anmeldungen werden erbeten an das Bonifatiushaus unter der Tel.-Nr. 0661\/8398-113 oder unter\u00c2\u00a0<a href=\"mailto:info@bonifatiushaus.de\">info@bonifatiushaus.de<\/a>.<\/p>\n","protected":false},"excerpt":{"rendered":"<div class=\"tmnf_excerpt\"><p>Fr\u00fchlingszeit \u2013 Reisezeit. Zu einer musikalischen Weltreise f\u00fcr Seniorinnen und Senioren l\u00e4dt das Bonifatiushaus Fulda vom 24. \u2013 28. April 2017 ein. Unter der Leitung der Musikp\u00e4dagogin Christine Ebert werden mit Tanz und Musik, aber auch auf kreative Weise andere L\u00e4nder und Landschaften der Erde besucht. Am Donnerstag, den 27. April 2017 ist das Seminar &hellip;<\/p>\n<\/div>","protected":false},"author":1,"featured_media":0,"comment_status":"closed","ping_status":"closed","sticky":false,"template":"","format":"standard","meta":{"footnotes":""},"categories":[1],"tags":[],"class_list":["post-162039","post","type-post","status-publish","format-standard","hentry","category-startseite"],"_links":{"self":[{"href":"https:\/\/www.fuldaernachrichten.de\/index.php?rest_route=\/wp\/v2\/posts\/162039","targetHints":{"allow":["GET"]}}],"collection":[{"href":"https:\/\/www.fuldaernachrichten.de\/index.php?rest_route=\/wp\/v2\/posts"}],"about":[{"href":"https:\/\/www.fuldaernachrichten.de\/index.php?rest_route=\/wp\/v2\/types\/post"}],"author":[{"embeddable":true,"href":"https:\/\/www.fuldaernachrichten.de\/index.php?rest_route=\/wp\/v2\/users\/1"}],"replies":[{"embeddable":true,"href":"https:\/\/www.fuldaernachrichten.de\/index.php?rest_route=%2Fwp%2Fv2%2Fcomments&post=162039"}],"version-history":[{"count":1,"href":"https:\/\/www.fuldaernachrichten.de\/index.php?rest_route=\/wp\/v2\/posts\/162039\/revisions"}],"predecessor-version":[{"id":162045,"href":"https:\/\/www.fuldaernachrichten.de\/index.php?rest_route=\/wp\/v2\/posts\/162039\/revisions\/162045"}],"wp:attachment":[{"href":"https:\/\/www.fuldaernachrichten.de\/index.php?rest_route=%2Fwp%2Fv2%2Fmedia&parent=162039"}],"wp:term":[{"taxonomy":"category","embeddable":true,"href":"https:\/\/www.fuldaernachrichten.de\/index.php?rest_route=%2Fwp%2Fv2%2Fcategories&post=162039"},{"taxonomy":"post_tag","embeddable":true,"href":"https:\/\/www.fuldaernachrichten.de\/index.php?rest_route=%2Fwp%2Fv2%2Ftags&post=162039"}],"curies":[{"name":"wp","href":"https:\/\/api.w.org\/{rel}","templated":true}]}}