{"id":162012,"date":"2017-04-11T08:34:59","date_gmt":"2017-04-11T06:34:59","guid":{"rendered":"http:\/\/www.fuldaer-nachrichten.de\/?p=162012"},"modified":"2017-04-11T08:34:59","modified_gmt":"2017-04-11T06:34:59","slug":"zum-praktikum-nach-uebersee","status":"publish","type":"post","link":"https:\/\/www.fuldaernachrichten.de\/?p=162012","title":{"rendered":"Zum Praktikum nach \u00dcbersee"},"content":{"rendered":"<p>Informationen zu Freiwilligenarbeit und Praktika im Ausland gibt es am \u00e2\u20ac\u00a8Donnerstag, 20. April, von 15 bis 16 Uhr im  Berufsinformationszentrum (BiZ) der Agentur f\u00fcr Arbeit in Fulda (Eingang Gambettagasse). Der Reiseanbieter \u201ePraktikawelten\u201c geht ein auf den m\u00f6glichen Ablauf des in 27 Ziell\u00e4ndern in Afrika, Asien, Nord-, Mittel- und S\u00fcdamerika, Ozeanien und Europa. Eine Anmeldung zu der Veranstaltung ist nicht notwendig.<\/p>\n","protected":false},"excerpt":{"rendered":"<div class=\"tmnf_excerpt\"><p>Informationen zu Freiwilligenarbeit und Praktika im Ausland gibt es am \u00e2\u20ac\u00a8Donnerstag, 20. April, von 15 bis 16 Uhr im Berufsinformationszentrum (BiZ) der Agentur f\u00fcr Arbeit in Fulda (Eingang Gambettagasse). Der Reiseanbieter \u201ePraktikawelten\u201c geht ein auf den m\u00f6glichen Ablauf des in 27 Ziell\u00e4ndern in Afrika, Asien, Nord-, Mittel- und S\u00fcdamerika, Ozeanien und Europa. Eine Anmeldung zu &hellip;<\/p>\n<\/div>","protected":false},"author":1,"featured_media":0,"comment_status":"closed","ping_status":"closed","sticky":false,"template":"","format":"standard","meta":{"footnotes":""},"categories":[1],"tags":[],"class_list":["post-162012","post","type-post","status-publish","format-standard","hentry","category-startseite"],"_links":{"self":[{"href":"https:\/\/www.fuldaernachrichten.de\/index.php?rest_route=\/wp\/v2\/posts\/162012","targetHints":{"allow":["GET"]}}],"collection":[{"href":"https:\/\/www.fuldaernachrichten.de\/index.php?rest_route=\/wp\/v2\/posts"}],"about":[{"href":"https:\/\/www.fuldaernachrichten.de\/index.php?rest_route=\/wp\/v2\/types\/post"}],"author":[{"embeddable":true,"href":"https:\/\/www.fuldaernachrichten.de\/index.php?rest_route=\/wp\/v2\/users\/1"}],"replies":[{"embeddable":true,"href":"https:\/\/www.fuldaernachrichten.de\/index.php?rest_route=%2Fwp%2Fv2%2Fcomments&post=162012"}],"version-history":[{"count":1,"href":"https:\/\/www.fuldaernachrichten.de\/index.php?rest_route=\/wp\/v2\/posts\/162012\/revisions"}],"predecessor-version":[{"id":162013,"href":"https:\/\/www.fuldaernachrichten.de\/index.php?rest_route=\/wp\/v2\/posts\/162012\/revisions\/162013"}],"wp:attachment":[{"href":"https:\/\/www.fuldaernachrichten.de\/index.php?rest_route=%2Fwp%2Fv2%2Fmedia&parent=162012"}],"wp:term":[{"taxonomy":"category","embeddable":true,"href":"https:\/\/www.fuldaernachrichten.de\/index.php?rest_route=%2Fwp%2Fv2%2Fcategories&post=162012"},{"taxonomy":"post_tag","embeddable":true,"href":"https:\/\/www.fuldaernachrichten.de\/index.php?rest_route=%2Fwp%2Fv2%2Ftags&post=162012"}],"curies":[{"name":"wp","href":"https:\/\/api.w.org\/{rel}","templated":true}]}}