{"id":161900,"date":"2017-04-07T08:49:30","date_gmt":"2017-04-07T06:49:30","guid":{"rendered":"http:\/\/www.fuldaer-nachrichten.de\/?p=161900"},"modified":"2017-04-07T08:49:30","modified_gmt":"2017-04-07T06:49:30","slug":"erfolgreiche-osterputzaktion-der-grundschule-lehnerz","status":"publish","type":"post","link":"https:\/\/www.fuldaernachrichten.de\/?p=161900","title":{"rendered":"Erfolgreiche Osterputzaktion der Grundschule Lehnerz"},"content":{"rendered":"<p>34 Sch\u00fclerinnen und Sch\u00fcler der Grundschule Lehnerz haben gemeinsam mit dem Ortsbeirat Lehnerz die Osterputzaktion der Schutzgemeinschaft Deutscher Wald unterst\u00fctzt.<\/p>\n<p>Gemeinsam sammelten sie M\u00fcll in mehr als drei Dutzend M\u00fclls\u00e4cken rund um die Grillenburg, die Grundschule und entlang des Fu\u00dfweges an der B27 auf. Von der Zigarettenpackung bis zur Fahrradgabel war alles vertreten. Zum Abschluss an dem sonnigen Tag erhielten alle Kinder vom Ortsvorsteher Stefan Euler ein Eis und eine kleine \u00dcberraschung als Dankesch\u00f6n f\u00fcr diese Aktion. Die Resonanz der Kinder war sehr erfreulich &#8211; in den vergangenen Jahren hatten lediglich maximal 15-20 Kinder teil. Die Vorsitzende des F\u00f6rdervereins der Grundschule Lehnerz, Kristin Janda, und Julia \u00dcberreiter als Lehrerein machten diese Aktion in der Grundschule publik und sorgten f\u00fcr dieses starke Auftreten.<\/p>\n<p><i>Hintergrund: Die Osterputzaktion findet im Landkreis Fulda unter der Organisation der Schutzgemeinschaft Deutscher Wald bereits seit 40 Jahren statt -\u00c2\u00a0 diese Kontinuit\u00e4t ist nahezu einmalig in ganz Deutschland. Beim Osterputz 2016 standen Gr\u00e4ben und Gew\u00e4sser im Mittelpunkt der Landschaftspflege. Es beteiligten sich im Kreis Fulda mehr als 4100 Helfer, darunter viele Jugendliche, Sch\u00fclerinnen und Sch\u00fcler. Als Schwerpunkte der diesj\u00e4hrigen (41.) Osterputzaktion stehen die Waldr\u00e4nder und die Waldparkpl\u00e4tze als sch\u00fctzenswerte Lebensr\u00e4ume bzw. lohnendes Sammelgebiet im Blickpunkt.<\/i><\/p>\n","protected":false},"excerpt":{"rendered":"<div class=\"tmnf_excerpt\"><p>34 Sch\u00fclerinnen und Sch\u00fcler der Grundschule Lehnerz haben gemeinsam mit dem Ortsbeirat Lehnerz die Osterputzaktion der Schutzgemeinschaft Deutscher Wald unterst\u00fctzt. Gemeinsam sammelten sie M\u00fcll in mehr als drei Dutzend M\u00fclls\u00e4cken rund um die Grillenburg, die Grundschule und entlang des Fu\u00dfweges an der B27 auf. Von der Zigarettenpackung bis zur Fahrradgabel war alles vertreten. Zum Abschluss &hellip;<\/p>\n<\/div>","protected":false},"author":1,"featured_media":161906,"comment_status":"closed","ping_status":"closed","sticky":false,"template":"","format":"standard","meta":{"footnotes":""},"categories":[1],"tags":[],"class_list":["post-161900","post","type-post","status-publish","format-standard","has-post-thumbnail","hentry","category-startseite"],"_links":{"self":[{"href":"https:\/\/www.fuldaernachrichten.de\/index.php?rest_route=\/wp\/v2\/posts\/161900","targetHints":{"allow":["GET"]}}],"collection":[{"href":"https:\/\/www.fuldaernachrichten.de\/index.php?rest_route=\/wp\/v2\/posts"}],"about":[{"href":"https:\/\/www.fuldaernachrichten.de\/index.php?rest_route=\/wp\/v2\/types\/post"}],"author":[{"embeddable":true,"href":"https:\/\/www.fuldaernachrichten.de\/index.php?rest_route=\/wp\/v2\/users\/1"}],"replies":[{"embeddable":true,"href":"https:\/\/www.fuldaernachrichten.de\/index.php?rest_route=%2Fwp%2Fv2%2Fcomments&post=161900"}],"version-history":[{"count":1,"href":"https:\/\/www.fuldaernachrichten.de\/index.php?rest_route=\/wp\/v2\/posts\/161900\/revisions"}],"predecessor-version":[{"id":161907,"href":"https:\/\/www.fuldaernachrichten.de\/index.php?rest_route=\/wp\/v2\/posts\/161900\/revisions\/161907"}],"wp:featuredmedia":[{"embeddable":true,"href":"https:\/\/www.fuldaernachrichten.de\/index.php?rest_route=\/wp\/v2\/media\/161906"}],"wp:attachment":[{"href":"https:\/\/www.fuldaernachrichten.de\/index.php?rest_route=%2Fwp%2Fv2%2Fmedia&parent=161900"}],"wp:term":[{"taxonomy":"category","embeddable":true,"href":"https:\/\/www.fuldaernachrichten.de\/index.php?rest_route=%2Fwp%2Fv2%2Fcategories&post=161900"},{"taxonomy":"post_tag","embeddable":true,"href":"https:\/\/www.fuldaernachrichten.de\/index.php?rest_route=%2Fwp%2Fv2%2Ftags&post=161900"}],"curies":[{"name":"wp","href":"https:\/\/api.w.org\/{rel}","templated":true}]}}