{"id":161896,"date":"2017-04-07T08:48:27","date_gmt":"2017-04-07T06:48:27","guid":{"rendered":"http:\/\/www.fuldaer-nachrichten.de\/?p=161896"},"modified":"2017-04-07T08:48:27","modified_gmt":"2017-04-07T06:48:27","slug":"bildungsbuero-geht-auf-webseite-des-landkreises-fulda-online","status":"publish","type":"post","link":"https:\/\/www.fuldaernachrichten.de\/?p=161896","title":{"rendered":"Bildungsb\u00fcro geht auf Webseite des Landkreises Fulda online"},"content":{"rendered":"<p><b>Das neu geschaffene Bildungsb\u00fcro ist nun auch auf der Webseite des Landkreises Fulda mit Informationen \u00fcber die Arbeit in den Themenfeldern Bildungsmanagement, Bildungsmonitoring und Bildungskoordination f\u00fcr Neuzugewanderte vertreten.\u00c2\u00a0<\/b><\/p>\n<p>Die Mitarbeiterinnen und Mitarbeiter bem\u00fchen sich um mehr Transparenz in Sachen Bildung, eine verbesserte Vernetzung der lokalen Bildungsakteure und eine Datenbasierung von Bildungsentscheidungen. Unter <a href=\"http:\/\/www.bildungsbuero-fulda.de\">www.bildungsbuero-fulda.de<\/a> oder <a href=\"https:\/\/www.landkreis-fulda.de\/buergerservice\/schule-volkshochschule\/bildungsbuero.html\">https:\/\/www.landkreis-fulda.de\/buergerservice\/schule-volkshochschule\/bildungsbuero.html<\/a> erhalten Interessierte n\u00e4here Einblicke. Zeitgleich wird \u00fcber den neuen Webauftritt eine Dokumentation der Auftaktveranstaltung \u201eBildung gemeinsam gestalten\u201c ver\u00f6ffentlicht. \u00dcber 120 Akteure der regionalen Bildungsarbeit haben an dieser Veranstaltung zu Jahresbeginn teilgenommen. In der Dokumentation enthalten ist auch ein Fachvortrag von Prof. Dr. Martina Ritter, Dekanin im Fachbereich Sozialwesen an der Hochschule Fulda und Soziologin, die Bildungsprozesse als Schl\u00fcssel zur Teilhabe an gesellschaftlichen Diskursen und damit zur Wahrung einer stabilen Demokratie interpretiert.<\/p>\n","protected":false},"excerpt":{"rendered":"<div class=\"tmnf_excerpt\"><p>Das neu geschaffene Bildungsb\u00fcro ist nun auch auf der Webseite des Landkreises Fulda mit Informationen \u00fcber die Arbeit in den Themenfeldern Bildungsmanagement, Bildungsmonitoring und Bildungskoordination f\u00fcr Neuzugewanderte vertreten.\u00c2\u00a0 Die Mitarbeiterinnen und Mitarbeiter bem\u00fchen sich um mehr Transparenz in Sachen Bildung, eine verbesserte Vernetzung der lokalen Bildungsakteure und eine Datenbasierung von Bildungsentscheidungen. Unter www.bildungsbuero-fulda.de oder https:\/\/www.landkreis-fulda.de\/buergerservice\/schule-volkshochschule\/bildungsbuero.html &hellip;<\/p>\n<\/div>","protected":false},"author":1,"featured_media":0,"comment_status":"closed","ping_status":"closed","sticky":false,"template":"","format":"standard","meta":{"footnotes":""},"categories":[1],"tags":[],"class_list":["post-161896","post","type-post","status-publish","format-standard","hentry","category-startseite"],"_links":{"self":[{"href":"https:\/\/www.fuldaernachrichten.de\/index.php?rest_route=\/wp\/v2\/posts\/161896","targetHints":{"allow":["GET"]}}],"collection":[{"href":"https:\/\/www.fuldaernachrichten.de\/index.php?rest_route=\/wp\/v2\/posts"}],"about":[{"href":"https:\/\/www.fuldaernachrichten.de\/index.php?rest_route=\/wp\/v2\/types\/post"}],"author":[{"embeddable":true,"href":"https:\/\/www.fuldaernachrichten.de\/index.php?rest_route=\/wp\/v2\/users\/1"}],"replies":[{"embeddable":true,"href":"https:\/\/www.fuldaernachrichten.de\/index.php?rest_route=%2Fwp%2Fv2%2Fcomments&post=161896"}],"version-history":[{"count":1,"href":"https:\/\/www.fuldaernachrichten.de\/index.php?rest_route=\/wp\/v2\/posts\/161896\/revisions"}],"predecessor-version":[{"id":161903,"href":"https:\/\/www.fuldaernachrichten.de\/index.php?rest_route=\/wp\/v2\/posts\/161896\/revisions\/161903"}],"wp:attachment":[{"href":"https:\/\/www.fuldaernachrichten.de\/index.php?rest_route=%2Fwp%2Fv2%2Fmedia&parent=161896"}],"wp:term":[{"taxonomy":"category","embeddable":true,"href":"https:\/\/www.fuldaernachrichten.de\/index.php?rest_route=%2Fwp%2Fv2%2Fcategories&post=161896"},{"taxonomy":"post_tag","embeddable":true,"href":"https:\/\/www.fuldaernachrichten.de\/index.php?rest_route=%2Fwp%2Fv2%2Ftags&post=161896"}],"curies":[{"name":"wp","href":"https:\/\/api.w.org\/{rel}","templated":true}]}}