{"id":161887,"date":"2017-04-07T08:45:43","date_gmt":"2017-04-07T06:45:43","guid":{"rendered":"http:\/\/www.fuldaer-nachrichten.de\/?p=161887"},"modified":"2017-04-07T08:45:43","modified_gmt":"2017-04-07T06:45:43","slug":"3-traumafachtag-mitte-mai-in-fulda","status":"publish","type":"post","link":"https:\/\/www.fuldaernachrichten.de\/?p=161887","title":{"rendered":"3. Traumafachtag Mitte Mai in Fulda"},"content":{"rendered":"<p>Die AG Trauma des Runden Tisches gegen h\u00e4usliche und sexualisierte Gewalt in Fulda hat den 3. Traumafachtag verwirklicht. Er steht unter dem Motto \u201eTrauma \u2013 unsichtbare Wunde\u201c und findet am 15. und 16. Mai statt. Die zentrale Fragestellung lautet: \u201eTraumasensible Haltung in Gesundheitsberufen \u2013 wie geht das?\u201c Die Anmeldefrist l\u00e4uft bis zum 24. April. Er wird unterst\u00fctzt vom Soroptimist International Club Fulda.<\/p>\n<p>Die Fachtagung beginnt mit einem Abendvortrag am Montag, 15. Mai, um 19.30 Uhr im Klinikum Fulda. Maria Zemp (medica mondiale) spricht \u00fcber\u00c2\u00a0 das Thema \u201eStress- und traumasensible Haltung f\u00fcr Gesundheitsfachkr\u00e4fte: eine Qualifizierung der Fachkr\u00e4fte zur Unterst\u00fctzung f\u00fcr Patientinnen und Patienten\u201c.<\/p>\n<p>Der eigentliche Fachtag findet dann am Dienstag, 16. Mai, im Marmorsaal des Stadtschlosses in Fulda statt. Maria Zemp, Prof. Dr. Ulrich Sachsse, Dr.\u00c2\u00a0 Sven und Katrin Rinke sowie Angelika Rogowski behandeln das Thema aus unterschiedlichen Blickwinkeln (<i>siehe beigef\u00fcgten Flyer<\/i>). Das Theater Mittendrin f\u00fchrt in die Thematik ein. Der Aspekt der Psychohygiene kann in kleinen \u00dcbungen ausprobiert werden.<\/p>\n<p>Der Abendvortrag und der Fachtag k\u00f6nnen auch getrennt voneinander besucht werden.<\/p>\n<p>Anmeldung bis zum 24. April beim Frauenb\u00fcro der Stadt Fulda, Schlossstra\u00dfe 4-6, 26037 Fulda oder per E-Mail an traumafachtagung@fulda.de.<\/p>\n","protected":false},"excerpt":{"rendered":"<div class=\"tmnf_excerpt\"><p>Die AG Trauma des Runden Tisches gegen h\u00e4usliche und sexualisierte Gewalt in Fulda hat den 3. Traumafachtag verwirklicht. Er steht unter dem Motto \u201eTrauma \u2013 unsichtbare Wunde\u201c und findet am 15. und 16. Mai statt. Die zentrale Fragestellung lautet: \u201eTraumasensible Haltung in Gesundheitsberufen \u2013 wie geht das?\u201c Die Anmeldefrist l\u00e4uft bis zum 24. April. Er &hellip;<\/p>\n<\/div>","protected":false},"author":1,"featured_media":161892,"comment_status":"closed","ping_status":"closed","sticky":false,"template":"","format":"standard","meta":{"footnotes":""},"categories":[1],"tags":[],"class_list":["post-161887","post","type-post","status-publish","format-standard","has-post-thumbnail","hentry","category-startseite"],"_links":{"self":[{"href":"https:\/\/www.fuldaernachrichten.de\/index.php?rest_route=\/wp\/v2\/posts\/161887","targetHints":{"allow":["GET"]}}],"collection":[{"href":"https:\/\/www.fuldaernachrichten.de\/index.php?rest_route=\/wp\/v2\/posts"}],"about":[{"href":"https:\/\/www.fuldaernachrichten.de\/index.php?rest_route=\/wp\/v2\/types\/post"}],"author":[{"embeddable":true,"href":"https:\/\/www.fuldaernachrichten.de\/index.php?rest_route=\/wp\/v2\/users\/1"}],"replies":[{"embeddable":true,"href":"https:\/\/www.fuldaernachrichten.de\/index.php?rest_route=%2Fwp%2Fv2%2Fcomments&post=161887"}],"version-history":[{"count":1,"href":"https:\/\/www.fuldaernachrichten.de\/index.php?rest_route=\/wp\/v2\/posts\/161887\/revisions"}],"predecessor-version":[{"id":161897,"href":"https:\/\/www.fuldaernachrichten.de\/index.php?rest_route=\/wp\/v2\/posts\/161887\/revisions\/161897"}],"wp:featuredmedia":[{"embeddable":true,"href":"https:\/\/www.fuldaernachrichten.de\/index.php?rest_route=\/wp\/v2\/media\/161892"}],"wp:attachment":[{"href":"https:\/\/www.fuldaernachrichten.de\/index.php?rest_route=%2Fwp%2Fv2%2Fmedia&parent=161887"}],"wp:term":[{"taxonomy":"category","embeddable":true,"href":"https:\/\/www.fuldaernachrichten.de\/index.php?rest_route=%2Fwp%2Fv2%2Fcategories&post=161887"},{"taxonomy":"post_tag","embeddable":true,"href":"https:\/\/www.fuldaernachrichten.de\/index.php?rest_route=%2Fwp%2Fv2%2Ftags&post=161887"}],"curies":[{"name":"wp","href":"https:\/\/api.w.org\/{rel}","templated":true}]}}