{"id":161886,"date":"2017-04-07T08:44:26","date_gmt":"2017-04-07T06:44:26","guid":{"rendered":"http:\/\/www.fuldaer-nachrichten.de\/?p=161886"},"modified":"2017-04-07T08:44:26","modified_gmt":"2017-04-07T06:44:26","slug":"sieben-neue-tagesmuetter-im-vogelsbergkreis","status":"publish","type":"post","link":"https:\/\/www.fuldaernachrichten.de\/?p=161886","title":{"rendered":"Sieben neue Tagesm\u00fctter im Vogelsbergkreis"},"content":{"rendered":"<p><strong>Sieben weitere Tagesm\u00fctter aus dem Vogelsbergkreis d\u00fcrfen sich jetzt \u201eQualifizierte Kindertagespflegeperson\u201c nennen: Nach ihrer erfolgreichen Teilnahme an der Qualifizierung in der Kindertagespflege erhielten die Frauen im Rahmen einer kleinen Feierstunde ihr Zertifikat. Jugenddezernent Dr. Jens Mischak ist erfreut \u00fcber die kontinuierliche Zunahme dieses Angebots im Vogelsbergkreis: \u201eDer Bedarf an Tagespflegepersonen ist da und steigt weiter. Das Angebot ist toll f\u00fcr junge Eltern, gleichzeitig ist diese Qualifizierung f\u00fcr viele Tagesm\u00fctter ein beruflicher Einstieg.\u201c Behandelt werden Themen rund um die Erziehung und F\u00f6rderung, auch die verschiedenen Perspektiven von Tagesmutter, Tagespflegekind und Eltern wie auch das Verhalten bei Konflikten und rechtliche Grundlagen der T\u00e4tigkeit.<\/strong><\/p>\n<p>&nbsp;<\/p>\n<p>In dem Grundqualifizierungskurs werden\u00c2\u00a0 die Tagespflegepersonen auf ihre verantwortungsvolle T\u00e4tigkeit vorbereitet. Der Umfang der Qualifizierungsma\u00dfnahme betr\u00e4gt 160 Unterrichtseinheiten theoretischer Unterricht und ein zweit\u00e4tiges Praktikum in einer Kindertagespflegestelle. Beim abschlie\u00dfenden Kolloquium bewiesen die frischgebackenen Tagesm\u00fctter ihr Fachwissen anhand eines Fallbeispiels in welchem entwicklungspsychologische, p\u00e4dagogische und rechtliche Themen abgefragt wurden. Au\u00dferdem stellten die Tagesm\u00fctter die selbst erarbeiteten Konzepte ihrer Tagespflegestelle vor. \u201eAlle Teilnehmerinnen haben bewiesen, dass sie f\u00fcr die bevorstehende T\u00e4tigkeit gut vorbereitet sind\u201c, erkl\u00e4rte die Koordinatorin der Fachstelle Kindertagespflege im Jugendamt, Marga Michelsons. \u201eWir freuen uns \u00fcber die neuen Tagespflegepersonen, weil die Nachfrage nach dieser Form der Betreuung stetig w\u00e4chst.\u201c<\/p>\n<p><strong>\u00c2\u00a0<\/strong><\/p>\n<p><strong>Zunehmender Bedarf an Kindertagespflege<\/strong><\/p>\n<p>&nbsp;<\/p>\n<p>Besonders f\u00fcr Kinder unter drei Jahren ist die familien\u00e4hnliche Form der Betreuung sehr gut geeignet und nachgefragt. Durch die Anpassung der Kostenbeitr\u00e4ge der Eltern ist ein Betreuungsplatz in der Kindertagespflege in den meisten F\u00e4llen etwa genauso teuer wie eine institutionelle Betreuung \u2013 auch das f\u00f6rdere die Nachfrage. Und: Immer mehr Eltern nutzen den Rechtsanspruch auf einen Betreuungsplatz ab dem ersten Lebensjahr des Kindes, um fr\u00fcher in ihren Beruf zur\u00fcck zu kehren. \u201eWir suchen also auch weiterhin nach interessierten Frauen und M\u00e4nnern, die sich zu Kindertagespflegepersonen qualifizieren lassen m\u00f6chten\u201c, so Marga Michelsons.<\/p>\n<p>Geeignete Personen f\u00fcr die Kindertagespflege sind Frauen und M\u00e4nner, die Freude am Umgang mit Kindern haben, diese in ihrer Entwicklung und Bildung f\u00f6rdern m\u00f6chten und den Kindern eine liebevolle, wertsch\u00e4tzende Atmosph\u00e4re bieten k\u00f6nnen. Neben diesen pers\u00f6nlichen Kompetenzen m\u00fcssen Tagespflegepersonen Verantwortung \u00fcbernehmen wollen und an p\u00e4dagogischen Themen interessiert sein. Eine intensive Zusammenarbeit mit den Eltern und der Fachstelle im Jungendamt sowie der Austausch mit anderen Kindertagespflegepersonen wird erwartet.<\/p>\n<p>&nbsp;<\/p>\n<p>Aktuell hat schon ein Qualifizierungskurs begonnen, der n\u00e4chste wird voraussichtlich im Fr\u00fchjahr 2018 starten. Die Ansprechpartner bei der Fachstelle Kindertagespflege sind Marga Michelsons (06641\/9774200,\u00c2\u00a0<a href=\"mailto:marga.michelsons@vogelsbergkreis.de\">marga.michelsons@vogelsbergkreis.de<\/a>) und Jonas Borho (06641\/9774202,\u00c2\u00a0<a href=\"mailto:jonas.borho@vogelsbergkreis.de\">jonas.borho@vogelsbergkreis.de<\/a>).<\/p>\n","protected":false},"excerpt":{"rendered":"<div class=\"tmnf_excerpt\"><p>Sieben weitere Tagesm\u00fctter aus dem Vogelsbergkreis d\u00fcrfen sich jetzt \u201eQualifizierte Kindertagespflegeperson\u201c nennen: Nach ihrer erfolgreichen Teilnahme an der Qualifizierung in der Kindertagespflege erhielten die Frauen im Rahmen einer kleinen Feierstunde ihr Zertifikat. Jugenddezernent Dr. Jens Mischak ist erfreut \u00fcber die kontinuierliche Zunahme dieses Angebots im Vogelsbergkreis: \u201eDer Bedarf an Tagespflegepersonen ist da und steigt weiter. &hellip;<\/p>\n<\/div>","protected":false},"author":1,"featured_media":161889,"comment_status":"closed","ping_status":"closed","sticky":false,"template":"","format":"standard","meta":{"footnotes":""},"categories":[1],"tags":[],"class_list":["post-161886","post","type-post","status-publish","format-standard","has-post-thumbnail","hentry","category-startseite"],"_links":{"self":[{"href":"https:\/\/www.fuldaernachrichten.de\/index.php?rest_route=\/wp\/v2\/posts\/161886","targetHints":{"allow":["GET"]}}],"collection":[{"href":"https:\/\/www.fuldaernachrichten.de\/index.php?rest_route=\/wp\/v2\/posts"}],"about":[{"href":"https:\/\/www.fuldaernachrichten.de\/index.php?rest_route=\/wp\/v2\/types\/post"}],"author":[{"embeddable":true,"href":"https:\/\/www.fuldaernachrichten.de\/index.php?rest_route=\/wp\/v2\/users\/1"}],"replies":[{"embeddable":true,"href":"https:\/\/www.fuldaernachrichten.de\/index.php?rest_route=%2Fwp%2Fv2%2Fcomments&post=161886"}],"version-history":[{"count":1,"href":"https:\/\/www.fuldaernachrichten.de\/index.php?rest_route=\/wp\/v2\/posts\/161886\/revisions"}],"predecessor-version":[{"id":161890,"href":"https:\/\/www.fuldaernachrichten.de\/index.php?rest_route=\/wp\/v2\/posts\/161886\/revisions\/161890"}],"wp:featuredmedia":[{"embeddable":true,"href":"https:\/\/www.fuldaernachrichten.de\/index.php?rest_route=\/wp\/v2\/media\/161889"}],"wp:attachment":[{"href":"https:\/\/www.fuldaernachrichten.de\/index.php?rest_route=%2Fwp%2Fv2%2Fmedia&parent=161886"}],"wp:term":[{"taxonomy":"category","embeddable":true,"href":"https:\/\/www.fuldaernachrichten.de\/index.php?rest_route=%2Fwp%2Fv2%2Fcategories&post=161886"},{"taxonomy":"post_tag","embeddable":true,"href":"https:\/\/www.fuldaernachrichten.de\/index.php?rest_route=%2Fwp%2Fv2%2Ftags&post=161886"}],"curies":[{"name":"wp","href":"https:\/\/api.w.org\/{rel}","templated":true}]}}