{"id":161883,"date":"2017-04-07T08:41:47","date_gmt":"2017-04-07T06:41:47","guid":{"rendered":"http:\/\/www.fuldaer-nachrichten.de\/?p=161883"},"modified":"2017-04-07T08:41:47","modified_gmt":"2017-04-07T06:41:47","slug":"landesregierung-schreibt-hessischen-landespreis-fuer-die-beispielhafte-beschaeftigung-schwerbehinderter-menschen-aus","status":"publish","type":"post","link":"https:\/\/www.fuldaernachrichten.de\/?p=161883","title":{"rendered":"Landesregierung schreibt  \u201eHessischen Landespreis f\u00fcr die beispielhafte Besch\u00e4ftigung schwerbehinderter Menschen\u201c aus"},"content":{"rendered":"<p>Seit 2006 werden j\u00e4hrlich drei Unternehmen der privaten Wirtschaft mit dem Landespreis f\u00fcr beispielhafte Besch\u00e4ftigung schwerbehinderter Menschen ausgezeichnet. \u201eMit der Landesauszeichnung w\u00fcrdigt die Hessische Landesregierung die in der Privatwirtschaft t\u00e4tigen Betriebe und Unternehmen, die beispielhaft durch ihr Engagement f\u00fcr den Erhalt von Arbeitspl\u00e4tzen und zur Eingliederung schwerbehinderter Menschen in das Arbeitsleben beitragen\u201c, erkl\u00e4rte der Hessische Minister f\u00fcr Soziales und Integration, Stefan Gr\u00fcttner, heute in Wiesbaden.<\/p>\n<p>Auszeichnungsw\u00fcrdig sind neben der reellen Besch\u00e4ftigung auch besondere Ma\u00dfnahmen und Aktivit\u00e4ten der Unternehmen im Bereich der Ausbildung schwerbehinderter Menschen. Er sei davon \u00fcberzeugt, so Gr\u00fcttner, dass in Zeiten des Fachkr\u00e4ftemangels und des demografischen Wandels die Unternehmen andere Wege gehen m\u00fcssen, um auch zuk\u00fcnftig ihre Personalressourcen mit dem gew\u00fcnschten hohen Potential an Fachwissen abdecken zu k\u00f6nnen.<\/p>\n<p>Sozialminister Gr\u00fcttner forderte die Arbeitgeber auf, sich um den &#8220;Hessischen Landespreis f\u00fcr die beispielhafte Besch\u00e4ftigung und Integration schwerbehinderter Menschen\u201c zu bewerben. Die Preistr\u00e4ger erhalten neben einem Geldpreis in H\u00f6he von 3.000 \u00e2\u201a\u00ac eine Anerkennungsurkunde und die Berechtigung, sich \u00f6ffentlich z. B. in Kundenmitteilungen und Werbema\u00dfnahmen f\u00fcr drei Jahre auf den Preis zu berufen.<\/p>\n<p>Die M\u00f6glichkeit zur Online-Bewerbung und weitere Informationen stehen Ihnen unter<a href=\"http:\/\/soziales.hessen.de\/\">http:\/\/soziales.hessen.de<\/a>\u00c2\u00a0zur Verf\u00fcgung.<\/p>\n<p>Einsendeschluss f\u00fcr Bewerbungen ist Freitag, der 30. Juni 2017. \u00dcber die Vergabe entscheidet eine unabh\u00e4ngige Jury. Etwaige R\u00fcckfragen richten Sie bitte an\u00c2\u00a0<a href=\"mailto:landespreis-beschaeftigung@hsm.hessen.de\">landespreis-beschaeftigung@hsm.hessen.de<\/a><\/p>\n","protected":false},"excerpt":{"rendered":"<div class=\"tmnf_excerpt\"><p>Seit 2006 werden j\u00e4hrlich drei Unternehmen der privaten Wirtschaft mit dem Landespreis f\u00fcr beispielhafte Besch\u00e4ftigung schwerbehinderter Menschen ausgezeichnet. \u201eMit der Landesauszeichnung w\u00fcrdigt die Hessische Landesregierung die in der Privatwirtschaft t\u00e4tigen Betriebe und Unternehmen, die beispielhaft durch ihr Engagement f\u00fcr den Erhalt von Arbeitspl\u00e4tzen und zur Eingliederung schwerbehinderter Menschen in das Arbeitsleben beitragen\u201c, erkl\u00e4rte der Hessische &hellip;<\/p>\n<\/div>","protected":false},"author":1,"featured_media":0,"comment_status":"closed","ping_status":"closed","sticky":false,"template":"","format":"standard","meta":{"footnotes":""},"categories":[1],"tags":[],"class_list":["post-161883","post","type-post","status-publish","format-standard","hentry","category-startseite"],"_links":{"self":[{"href":"https:\/\/www.fuldaernachrichten.de\/index.php?rest_route=\/wp\/v2\/posts\/161883","targetHints":{"allow":["GET"]}}],"collection":[{"href":"https:\/\/www.fuldaernachrichten.de\/index.php?rest_route=\/wp\/v2\/posts"}],"about":[{"href":"https:\/\/www.fuldaernachrichten.de\/index.php?rest_route=\/wp\/v2\/types\/post"}],"author":[{"embeddable":true,"href":"https:\/\/www.fuldaernachrichten.de\/index.php?rest_route=\/wp\/v2\/users\/1"}],"replies":[{"embeddable":true,"href":"https:\/\/www.fuldaernachrichten.de\/index.php?rest_route=%2Fwp%2Fv2%2Fcomments&post=161883"}],"version-history":[{"count":1,"href":"https:\/\/www.fuldaernachrichten.de\/index.php?rest_route=\/wp\/v2\/posts\/161883\/revisions"}],"predecessor-version":[{"id":161885,"href":"https:\/\/www.fuldaernachrichten.de\/index.php?rest_route=\/wp\/v2\/posts\/161883\/revisions\/161885"}],"wp:attachment":[{"href":"https:\/\/www.fuldaernachrichten.de\/index.php?rest_route=%2Fwp%2Fv2%2Fmedia&parent=161883"}],"wp:term":[{"taxonomy":"category","embeddable":true,"href":"https:\/\/www.fuldaernachrichten.de\/index.php?rest_route=%2Fwp%2Fv2%2Fcategories&post=161883"},{"taxonomy":"post_tag","embeddable":true,"href":"https:\/\/www.fuldaernachrichten.de\/index.php?rest_route=%2Fwp%2Fv2%2Ftags&post=161883"}],"curies":[{"name":"wp","href":"https:\/\/api.w.org\/{rel}","templated":true}]}}