{"id":161872,"date":"2017-04-07T08:41:21","date_gmt":"2017-04-07T06:41:21","guid":{"rendered":"http:\/\/www.fuldaer-nachrichten.de\/?p=161872"},"modified":"2017-04-07T08:41:21","modified_gmt":"2017-04-07T06:41:21","slug":"malteser-suchen-demenzbegleiter-ausbildung-freiwilliger-ab-april","status":"publish","type":"post","link":"https:\/\/www.fuldaernachrichten.de\/?p=161872","title":{"rendered":"Malteser suchen Demenzbegleiter &#8211; Ausbildung Freiwilliger ab April"},"content":{"rendered":"<p>Viele Menschen sind von Demenz betroffen. Sie driften mehr und mehr in eine eigene Welt ab und verlieren nach und nach die sozialen Kontakte. Das ist vor allem f\u00fcr die Angeh\u00f6rigen eine schwere Belastung. Um ihnen und den an Demenz Erkrankten zu helfen, unterst\u00fctzten die Malteser in Fulda betroffenen Familien mit so genannten Demenz-Begleitern. Diese nehmen sich in der Tagesst\u00e4tte Caf\u00e9 Malta oder in der h\u00e4uslichen Betreuung einige Stunden Zeit f\u00fcr einen Erkrankten, spielen, plaudern oder lesen mit ihm. So helfen die Malteser den Erkrankten weiter am Leben teilzunehmen und schenken gleichzeitig den Angeh\u00f6rigen einige \u201esorgenfreie\u201c Stunden.\u00c2\u00a0 Um diesen Service anbieten zu k\u00f6nnen, sind die Malteser auf Freiwillige angewiesen, die sich hier sozial engagieren wollen.<\/p>\n<p>Wer Interesse an diesem Ehrenamt hat, kann sich bei der Leiterin der Demenzdienste bei den Malteser in Fulda, Swetlana Wolf , informieren, was da auf ihn zukommt. Die Malteser sorgen f\u00fcr eine qualifizierte Ausbildung der Demenzbegleiter und ein hauptamtliches Team unterst\u00fctzt die Betreuer. Eine pflegerische Arbeit wird nicht verlangt.<\/p>\n<p>Ein n\u00e4chster Kurs \u201eDemenzkranke verstehen und begleiten\u201c wird von den Maltesern ab dem 18. April 2017 angeboten. Der Kurs findet dienstags und donnerstags von 18.30 bis 21.45 Uhr am Aschenbergplatz 1 in Fulda statt. Der Kurs ist auch ein Teil der Gesamtausbildung zum Betreuungsassistenten.<\/p>\n<p>Weitere Informationen bei Swetlana Wolf, Telefon 0661 953100, per Mail: swetlana.wolf@malteser.org oder unter www.malteser-fulda.de.<\/p>\n","protected":false},"excerpt":{"rendered":"<div class=\"tmnf_excerpt\"><p>Viele Menschen sind von Demenz betroffen. Sie driften mehr und mehr in eine eigene Welt ab und verlieren nach und nach die sozialen Kontakte. Das ist vor allem f\u00fcr die Angeh\u00f6rigen eine schwere Belastung. Um ihnen und den an Demenz Erkrankten zu helfen, unterst\u00fctzten die Malteser in Fulda betroffenen Familien mit so genannten Demenz-Begleitern. Diese &hellip;<\/p>\n<\/div>","protected":false},"author":1,"featured_media":161880,"comment_status":"closed","ping_status":"closed","sticky":false,"template":"","format":"standard","meta":{"footnotes":""},"categories":[1],"tags":[],"class_list":["post-161872","post","type-post","status-publish","format-standard","has-post-thumbnail","hentry","category-startseite"],"_links":{"self":[{"href":"https:\/\/www.fuldaernachrichten.de\/index.php?rest_route=\/wp\/v2\/posts\/161872","targetHints":{"allow":["GET"]}}],"collection":[{"href":"https:\/\/www.fuldaernachrichten.de\/index.php?rest_route=\/wp\/v2\/posts"}],"about":[{"href":"https:\/\/www.fuldaernachrichten.de\/index.php?rest_route=\/wp\/v2\/types\/post"}],"author":[{"embeddable":true,"href":"https:\/\/www.fuldaernachrichten.de\/index.php?rest_route=\/wp\/v2\/users\/1"}],"replies":[{"embeddable":true,"href":"https:\/\/www.fuldaernachrichten.de\/index.php?rest_route=%2Fwp%2Fv2%2Fcomments&post=161872"}],"version-history":[{"count":1,"href":"https:\/\/www.fuldaernachrichten.de\/index.php?rest_route=\/wp\/v2\/posts\/161872\/revisions"}],"predecessor-version":[{"id":161884,"href":"https:\/\/www.fuldaernachrichten.de\/index.php?rest_route=\/wp\/v2\/posts\/161872\/revisions\/161884"}],"wp:featuredmedia":[{"embeddable":true,"href":"https:\/\/www.fuldaernachrichten.de\/index.php?rest_route=\/wp\/v2\/media\/161880"}],"wp:attachment":[{"href":"https:\/\/www.fuldaernachrichten.de\/index.php?rest_route=%2Fwp%2Fv2%2Fmedia&parent=161872"}],"wp:term":[{"taxonomy":"category","embeddable":true,"href":"https:\/\/www.fuldaernachrichten.de\/index.php?rest_route=%2Fwp%2Fv2%2Fcategories&post=161872"},{"taxonomy":"post_tag","embeddable":true,"href":"https:\/\/www.fuldaernachrichten.de\/index.php?rest_route=%2Fwp%2Fv2%2Ftags&post=161872"}],"curies":[{"name":"wp","href":"https:\/\/api.w.org\/{rel}","templated":true}]}}