{"id":161870,"date":"2017-04-07T08:43:16","date_gmt":"2017-04-07T06:43:16","guid":{"rendered":"http:\/\/www.fuldaer-nachrichten.de\/?p=161870"},"modified":"2017-04-07T08:43:16","modified_gmt":"2017-04-07T06:43:16","slug":"offener-treff-60-in-der-muetze-muetterzentrum-e-v","status":"publish","type":"post","link":"https:\/\/www.fuldaernachrichten.de\/?p=161870","title":{"rendered":"Offener Treff 60+ in \u201eDer M\u00dcTZE\u201c, M\u00fctterzentrum e. V."},"content":{"rendered":"<p>Im M\u00fctterzentrum e. V. \u201eDie M\u00dcTZE\u201c l\u00e4dt Rita einmal im Monat zu einem \u201eOffenen Treff 60+\u201c ein. Bei Kaffee und Kuchen besteht die M\u00f6glichkeit sich kennenzulernen, miteinander in Gespr\u00e4ch zu kommen und Erfahrungen auszutauschen. Ein zwangloses Treffen um Kontakte zu kn\u00fcpfen. Jeder, der Lust hat, kann gerne vorbeischauen. Zus\u00e4tzliche, gemeinsame Unternehmungen, wie z. B. Theaterbesuch, Ausstellungsbesuch oder Wanderung sind nach Absprache auch m\u00f6glich.<\/p>\n<p>Der Treff findet jeden 3. Mittwoch im Monat in den R\u00e4umen des M\u00fctterzentrums statt, der n\u00e4chste Termin ist am Mittwoch, 19.04.17 in der Zeit von 15.30 \u2013 17.30 Uhr. N\u00e4here Informationen auch unter Tel. 0661\/8050.<\/p>\n","protected":false},"excerpt":{"rendered":"<div class=\"tmnf_excerpt\"><p>Im M\u00fctterzentrum e. V. \u201eDie M\u00dcTZE\u201c l\u00e4dt Rita einmal im Monat zu einem \u201eOffenen Treff 60+\u201c ein. Bei Kaffee und Kuchen besteht die M\u00f6glichkeit sich kennenzulernen, miteinander in Gespr\u00e4ch zu kommen und Erfahrungen auszutauschen. Ein zwangloses Treffen um Kontakte zu kn\u00fcpfen. Jeder, der Lust hat, kann gerne vorbeischauen. Zus\u00e4tzliche, gemeinsame Unternehmungen, wie z. B. Theaterbesuch, &hellip;<\/p>\n<\/div>","protected":false},"author":1,"featured_media":161879,"comment_status":"closed","ping_status":"closed","sticky":false,"template":"","format":"standard","meta":{"footnotes":""},"categories":[1],"tags":[],"class_list":["post-161870","post","type-post","status-publish","format-standard","has-post-thumbnail","hentry","category-startseite"],"_links":{"self":[{"href":"https:\/\/www.fuldaernachrichten.de\/index.php?rest_route=\/wp\/v2\/posts\/161870","targetHints":{"allow":["GET"]}}],"collection":[{"href":"https:\/\/www.fuldaernachrichten.de\/index.php?rest_route=\/wp\/v2\/posts"}],"about":[{"href":"https:\/\/www.fuldaernachrichten.de\/index.php?rest_route=\/wp\/v2\/types\/post"}],"author":[{"embeddable":true,"href":"https:\/\/www.fuldaernachrichten.de\/index.php?rest_route=\/wp\/v2\/users\/1"}],"replies":[{"embeddable":true,"href":"https:\/\/www.fuldaernachrichten.de\/index.php?rest_route=%2Fwp%2Fv2%2Fcomments&post=161870"}],"version-history":[{"count":1,"href":"https:\/\/www.fuldaernachrichten.de\/index.php?rest_route=\/wp\/v2\/posts\/161870\/revisions"}],"predecessor-version":[{"id":161888,"href":"https:\/\/www.fuldaernachrichten.de\/index.php?rest_route=\/wp\/v2\/posts\/161870\/revisions\/161888"}],"wp:featuredmedia":[{"embeddable":true,"href":"https:\/\/www.fuldaernachrichten.de\/index.php?rest_route=\/wp\/v2\/media\/161879"}],"wp:attachment":[{"href":"https:\/\/www.fuldaernachrichten.de\/index.php?rest_route=%2Fwp%2Fv2%2Fmedia&parent=161870"}],"wp:term":[{"taxonomy":"category","embeddable":true,"href":"https:\/\/www.fuldaernachrichten.de\/index.php?rest_route=%2Fwp%2Fv2%2Fcategories&post=161870"},{"taxonomy":"post_tag","embeddable":true,"href":"https:\/\/www.fuldaernachrichten.de\/index.php?rest_route=%2Fwp%2Fv2%2Ftags&post=161870"}],"curies":[{"name":"wp","href":"https:\/\/api.w.org\/{rel}","templated":true}]}}