{"id":161853,"date":"2017-04-07T08:35:43","date_gmt":"2017-04-07T06:35:43","guid":{"rendered":"http:\/\/www.fuldaer-nachrichten.de\/?p=161853"},"modified":"2017-04-07T08:35:43","modified_gmt":"2017-04-07T06:35:43","slug":"archaeologische-untersuchungen-an-der-dalberg-gutenbergstrasse-starten","status":"publish","type":"post","link":"https:\/\/www.fuldaernachrichten.de\/?p=161853","title":{"rendered":"Arch\u00e4ologische Untersuchungen an der Dalberg-\/Gutenbergstra\u00dfe starten"},"content":{"rendered":"<p><a href=\"http:\/\/www.fuldaer-nachrichten.de\/wp-content\/uploads\/2017\/04\/Stadtmauer_Grabung3.jpg\"><img decoding=\"async\" class=\"alignleft size-thumbnail wp-image-161861\" src=\"http:\/\/www.fuldaer-nachrichten.de\/wp-content\/uploads\/2017\/04\/Stadtmauer_Grabung3-265x178.jpg\" alt=\"\" width=\"265\" height=\"178\" srcset=\"https:\/\/www.fuldaernachrichten.de\/wp-content\/uploads\/2017\/04\/Stadtmauer_Grabung3-265x178.jpg 265w, https:\/\/www.fuldaernachrichten.de\/wp-content\/uploads\/2017\/04\/Stadtmauer_Grabung3-768x515.jpg 768w, https:\/\/www.fuldaernachrichten.de\/wp-content\/uploads\/2017\/04\/Stadtmauer_Grabung3-600x402.jpg 600w, https:\/\/www.fuldaernachrichten.de\/wp-content\/uploads\/2017\/04\/Stadtmauer_Grabung3.jpg 900w\" sizes=\"(max-width: 265px) 100vw, 265px\" \/><\/a> Ein jahrzehntelang als Parkplatz verpachtetes Areal in der Fuldaer Innenstadt soll zu einem Naherholungs- und Geschichtserlebnisort werden: Die Gr\u00fcnfl\u00e4che entlang der Stadtmauer zwischen Dalbergstra\u00dfe, Florengasse und Gutenbergstra\u00dfe k\u00f6nnte k\u00fcnftig eine kleine Oase inmitten des gesch\u00e4ftigen Treibens und der vielbefahrenen Dalbergstra\u00dfe (B458) bilden.<\/p>\n<p>Bevor jedoch \u00fcber die k\u00fcnftige Gestaltung im Detail nachgedacht werden kann, wird das Gel\u00e4nde nun erst einmal arch\u00e4ologisch gr\u00fcndlich untersucht. Aufgrund von historischen Quellen ist davon auszugehen, dass man auf diesem Gel\u00e4nde auf Fundamente eines alten Stadtturms sto\u00dfen wird. Daneben soll die Stabilit\u00e4t der Mauer statisch untersucht werden. <b>Die Arbeiten beginnen am Montag, 10. April.<\/b> Das Gel\u00e4nde ist deshalb bereits seit einiger Zeit eingez\u00e4unt.<\/p>\n<p><img decoding=\"async\" class=\"alignleft size-thumbnail wp-image-161858\" src=\"http:\/\/www.fuldaer-nachrichten.de\/wp-content\/uploads\/2017\/04\/Stadtmauer_Grabbung2-265x166.jpg\" alt=\"\" width=\"265\" height=\"166\" srcset=\"https:\/\/www.fuldaernachrichten.de\/wp-content\/uploads\/2017\/04\/Stadtmauer_Grabbung2-265x166.jpg 265w, https:\/\/www.fuldaernachrichten.de\/wp-content\/uploads\/2017\/04\/Stadtmauer_Grabbung2-768x481.jpg 768w, https:\/\/www.fuldaernachrichten.de\/wp-content\/uploads\/2017\/04\/Stadtmauer_Grabbung2-600x376.jpg 600w, https:\/\/www.fuldaernachrichten.de\/wp-content\/uploads\/2017\/04\/Stadtmauer_Grabbung2.jpg 900w\" sizes=\"(max-width: 265px) 100vw, 265px\" \/>Je nach den Ergebnissen der Grabungen ist vorstellbar, dass bei der k\u00fcnftigen Gestaltung des Areals bestimmte Aspekte der Stadtgeschichte, etwa f\u00fcr Schulklassen und alle historisch Interessierte, lebendig erfahrbar wird \u2013 schlie\u00dflich handelt es sich bei dem Mauerabschnitt zwischen Florengasse und Gutenbergstra\u00dfe um den l\u00e4ngsten erhaltenden Teil der ehemaligen Fuldaer Stadtbefestigung. Historisch interessant ist das Gel\u00e4nde auf deshalb, weil auf einem Teil der Fl\u00e4che bis zu seinem Abriss das alte Kolpinghaus seinen Standort hatte.<\/p>\n","protected":false},"excerpt":{"rendered":"<div class=\"tmnf_excerpt\"><p>Ein jahrzehntelang als Parkplatz verpachtetes Areal in der Fuldaer Innenstadt soll zu einem Naherholungs- und Geschichtserlebnisort werden: Die Gr\u00fcnfl\u00e4che entlang der Stadtmauer zwischen Dalbergstra\u00dfe, Florengasse und Gutenbergstra\u00dfe k\u00f6nnte k\u00fcnftig eine kleine Oase inmitten des gesch\u00e4ftigen Treibens und der vielbefahrenen Dalbergstra\u00dfe (B458) bilden. Bevor jedoch \u00fcber die k\u00fcnftige Gestaltung im Detail nachgedacht werden kann, wird das &hellip;<\/p>\n<\/div>","protected":false},"author":1,"featured_media":161860,"comment_status":"closed","ping_status":"closed","sticky":false,"template":"","format":"standard","meta":{"footnotes":""},"categories":[1],"tags":[],"class_list":["post-161853","post","type-post","status-publish","format-standard","has-post-thumbnail","hentry","category-startseite"],"_links":{"self":[{"href":"https:\/\/www.fuldaernachrichten.de\/index.php?rest_route=\/wp\/v2\/posts\/161853","targetHints":{"allow":["GET"]}}],"collection":[{"href":"https:\/\/www.fuldaernachrichten.de\/index.php?rest_route=\/wp\/v2\/posts"}],"about":[{"href":"https:\/\/www.fuldaernachrichten.de\/index.php?rest_route=\/wp\/v2\/types\/post"}],"author":[{"embeddable":true,"href":"https:\/\/www.fuldaernachrichten.de\/index.php?rest_route=\/wp\/v2\/users\/1"}],"replies":[{"embeddable":true,"href":"https:\/\/www.fuldaernachrichten.de\/index.php?rest_route=%2Fwp%2Fv2%2Fcomments&post=161853"}],"version-history":[{"count":1,"href":"https:\/\/www.fuldaernachrichten.de\/index.php?rest_route=\/wp\/v2\/posts\/161853\/revisions"}],"predecessor-version":[{"id":161863,"href":"https:\/\/www.fuldaernachrichten.de\/index.php?rest_route=\/wp\/v2\/posts\/161853\/revisions\/161863"}],"wp:featuredmedia":[{"embeddable":true,"href":"https:\/\/www.fuldaernachrichten.de\/index.php?rest_route=\/wp\/v2\/media\/161860"}],"wp:attachment":[{"href":"https:\/\/www.fuldaernachrichten.de\/index.php?rest_route=%2Fwp%2Fv2%2Fmedia&parent=161853"}],"wp:term":[{"taxonomy":"category","embeddable":true,"href":"https:\/\/www.fuldaernachrichten.de\/index.php?rest_route=%2Fwp%2Fv2%2Fcategories&post=161853"},{"taxonomy":"post_tag","embeddable":true,"href":"https:\/\/www.fuldaernachrichten.de\/index.php?rest_route=%2Fwp%2Fv2%2Ftags&post=161853"}],"curies":[{"name":"wp","href":"https:\/\/api.w.org\/{rel}","templated":true}]}}