{"id":161841,"date":"2017-04-04T23:46:57","date_gmt":"2017-04-04T21:46:57","guid":{"rendered":"http:\/\/www.fuldaer-nachrichten.de\/?p=161841"},"modified":"2017-04-04T23:46:57","modified_gmt":"2017-04-04T21:46:57","slug":"laufauftakt-bei-bestem-wetter-24-marbacher-speeketze-lauf-mit-aok-family-cup","status":"publish","type":"post","link":"https:\/\/www.fuldaernachrichten.de\/?p=161841","title":{"rendered":"Laufauftakt bei bestem Wetter &#8211; 24. Marbacher Speeketze-Lauf mit AOK-Family-Cup"},"content":{"rendered":"<p><a href=\"http:\/\/www.fuldaer-nachrichten.de\/wp-content\/uploads\/2017\/04\/Start-5km-SpeeketzeLauf.jpg\"><img decoding=\"async\" class=\"alignleft size-thumbnail wp-image-161846\" src=\"http:\/\/www.fuldaer-nachrichten.de\/wp-content\/uploads\/2017\/04\/Start-5km-SpeeketzeLauf-265x177.jpg\" alt=\"\" width=\"265\" height=\"177\" srcset=\"https:\/\/www.fuldaernachrichten.de\/wp-content\/uploads\/2017\/04\/Start-5km-SpeeketzeLauf-265x177.jpg 265w, https:\/\/www.fuldaernachrichten.de\/wp-content\/uploads\/2017\/04\/Start-5km-SpeeketzeLauf-768x514.jpg 768w, https:\/\/www.fuldaernachrichten.de\/wp-content\/uploads\/2017\/04\/Start-5km-SpeeketzeLauf-600x401.jpg 600w, https:\/\/www.fuldaernachrichten.de\/wp-content\/uploads\/2017\/04\/Start-5km-SpeeketzeLauf.jpg 900w\" sizes=\"(max-width: 265px) 100vw, 265px\" \/><\/a><\/p>\n<p>Bei besten Laufbedingungen starteten am vergangenen Wochenende zahlreiche L\u00e4uferinnen und L\u00e4ufer beim 24. Marbacher Speeketze-Lauf in die Saison 2017. Gelaufen wurde \u00fcber die DLV-vermessenen Strecken \u00fcber 5 und 10 Kilometer um den Haunesee. Begeistert angenommen wurden auch die Angebote der AOK-Family-Laufserie, die zahlreiche Preise zur Verf\u00fcgung gestellt hatte.<\/p>\n<p>Zum Auftakt starteten 20 Sch\u00fclerinnen und Sch\u00fcler \u00fcber eine Distanz von 1,5 Kilometer. Vor allem die Grundschule Marbach hatte sich in den vergangenen Wochen auf diese sportliche Herausforderung vorbereitet. Im Ziel hatte eine Sch\u00fclerin die Nase vorne: Nach 6:14 min. gewann Maja Holstein (H\u00fcnfelder SV und LT) vor ihrer Vereinskollegin Hannah Sattler (7:02 min.) und Marie Zwingmann (Grundschule Marbach, 8:15 min.). Bei den Sch\u00fclern siegte Hann Bergmann (SG Steinau, 6:17min.) vor Liam Knierim (JSG Meissner, 6:51min.) und Moritz K\u00f6hler (Grundschule Marbach, 7:37min.).<br \/>\n<a href=\"http:\/\/www.fuldaer-nachrichten.de\/wp-content\/uploads\/2017\/04\/Start-15km-Sch\u00fclerlauf.jpg\"><img decoding=\"async\" class=\"alignleft size-thumbnail wp-image-161845\" src=\"http:\/\/www.fuldaer-nachrichten.de\/wp-content\/uploads\/2017\/04\/Start-15km-Sch\u00fclerlauf-265x177.jpg\" alt=\"\" width=\"265\" height=\"177\" \/><\/a>\u00dcberhaupt war der H\u00fcnfelder SV mit einer starken Laufgruppe vertreten und dominierte den 5km-Lauf mit dem Sieg von Henrik Jensen in 18:24min.. Ihm folgten Carsten Schmidt (Lauffr\u00f6sche, 18:24min.) und Max Schmitt (H\u00fcnfeld, 19:03). Bei den Frauen setzte sich Carmen Seitz-Adam (Werhausen) in 22:01 min. durch, gefolgt von Karin Brunner (TLV Eichenzell, 25:19min.) und Carolin Trost (SG Steinau, 25:37min.)<br \/>\n\u00dcber die 10 Kilometer-Distanz \u00fcberquerten Lorenz Rau und Daniel Latzel (beide LG Fulda) in 39:01 min. gemeinsam die Ziellinie; kurz dahinter Uwe Walcher vom TLV Eichenzell (39:50min.). Bei den Damen hatten zwei Marbacher Damen &#8220;die Nase vorne&#8221;: Elena Gl\u00fcber (43:35min.) konnte sich gegen Theresa Krieger (45:18min.) und Luca Christine Kress (LG Fulda, 50:12min.) durchsetzen.<\/p>\n<p>Eine insgesamt positive Bilanz zog der veranstaltende Lauftreff Speeketze Marbach: &#8220;Die Laufstrecke um den Haunesee bietet neben dem sportlichen und landschaftlichen Anreiz immer auch sehr gute M\u00f6glichkeiten f\u00fcr die Zuschauer, den Lauf zu verfolgen. 2017 haben wir mit einer eigenst\u00e4ndigen Veranstaltung gezielt wieder ein kleineres Format anbieten wollen. Was wir zum 25. Jubil\u00e4um im n\u00e4chsten Jahr durchf\u00fchren, ist noch nicht entschieden. Jetzt w\u00fcnschen wir den Aktiven zun\u00e4chst einmal eine erfolgreiche Saison 2017!&#8221; so der Veranstallter abschlie\u00dfend.<\/p>\n","protected":false},"excerpt":{"rendered":"<div class=\"tmnf_excerpt\"><p>Bei besten Laufbedingungen starteten am vergangenen Wochenende zahlreiche L\u00e4uferinnen und L\u00e4ufer beim 24. Marbacher Speeketze-Lauf in die Saison 2017. Gelaufen wurde \u00fcber die DLV-vermessenen Strecken \u00fcber 5 und 10 Kilometer um den Haunesee. Begeistert angenommen wurden auch die Angebote der AOK-Family-Laufserie, die zahlreiche Preise zur Verf\u00fcgung gestellt hatte. Zum Auftakt starteten 20 Sch\u00fclerinnen und Sch\u00fcler &hellip;<\/p>\n<\/div>","protected":false},"author":1,"featured_media":161844,"comment_status":"closed","ping_status":"closed","sticky":false,"template":"","format":"standard","meta":{"footnotes":""},"categories":[1],"tags":[],"class_list":["post-161841","post","type-post","status-publish","format-standard","has-post-thumbnail","hentry","category-startseite"],"_links":{"self":[{"href":"https:\/\/www.fuldaernachrichten.de\/index.php?rest_route=\/wp\/v2\/posts\/161841","targetHints":{"allow":["GET"]}}],"collection":[{"href":"https:\/\/www.fuldaernachrichten.de\/index.php?rest_route=\/wp\/v2\/posts"}],"about":[{"href":"https:\/\/www.fuldaernachrichten.de\/index.php?rest_route=\/wp\/v2\/types\/post"}],"author":[{"embeddable":true,"href":"https:\/\/www.fuldaernachrichten.de\/index.php?rest_route=\/wp\/v2\/users\/1"}],"replies":[{"embeddable":true,"href":"https:\/\/www.fuldaernachrichten.de\/index.php?rest_route=%2Fwp%2Fv2%2Fcomments&post=161841"}],"version-history":[{"count":1,"href":"https:\/\/www.fuldaernachrichten.de\/index.php?rest_route=\/wp\/v2\/posts\/161841\/revisions"}],"predecessor-version":[{"id":161847,"href":"https:\/\/www.fuldaernachrichten.de\/index.php?rest_route=\/wp\/v2\/posts\/161841\/revisions\/161847"}],"wp:featuredmedia":[{"embeddable":true,"href":"https:\/\/www.fuldaernachrichten.de\/index.php?rest_route=\/wp\/v2\/media\/161844"}],"wp:attachment":[{"href":"https:\/\/www.fuldaernachrichten.de\/index.php?rest_route=%2Fwp%2Fv2%2Fmedia&parent=161841"}],"wp:term":[{"taxonomy":"category","embeddable":true,"href":"https:\/\/www.fuldaernachrichten.de\/index.php?rest_route=%2Fwp%2Fv2%2Fcategories&post=161841"},{"taxonomy":"post_tag","embeddable":true,"href":"https:\/\/www.fuldaernachrichten.de\/index.php?rest_route=%2Fwp%2Fv2%2Ftags&post=161841"}],"curies":[{"name":"wp","href":"https:\/\/api.w.org\/{rel}","templated":true}]}}