{"id":161832,"date":"2017-04-04T23:43:24","date_gmt":"2017-04-04T21:43:24","guid":{"rendered":"http:\/\/www.fuldaer-nachrichten.de\/?p=161832"},"modified":"2017-04-04T23:43:24","modified_gmt":"2017-04-04T21:43:24","slug":"eine-nachtschicht-in-der-baeckerei-karl-in-storndorf-der-landrat-will-mittendrin-direkte-erfahrungen-sammeln","status":"publish","type":"post","link":"https:\/\/www.fuldaernachrichten.de\/?p=161832","title":{"rendered":"Eine Nachtschicht in der B\u00e4ckerei Karl in Storndorf \u2013 Der Landrat will \u201emittendrin\u201c direkte Erfahrungen sammeln"},"content":{"rendered":"<p>Im Verlaufe dieser Woche m\u00f6chte Landrat Manfred G\u00f6rig (SPD) bei der B\u00e4ckerei Karl in Storndorf in Erfahrung bringen, was es hei\u00dft, Nacht f\u00fcr Nacht die Versorgung mit Brot und Backwaren sicherzustellen. Dazu werde er den Betrieb nicht nur besuchen, sondern eine ganze Nachtschicht als \u201eHelfer\u201c mitarbeiten, teilt die Kreispressestelle mit. Der Landrat wolle vor Ort Erfahrungen sammeln, neue Erkenntnisse gewinnen und den Blickwinkel \u00f6ffnen f\u00fcr wichtige Erkenntnisse. Das k\u00f6nne f\u00fcr die t\u00e4gliche Politik nur eine Bereicherung sein. \u201eGleichzeitig m\u00f6chte ich zum Ausdruck bringen, wie sehr ich die Arbeit des Handwerks ganz allgemein in unserem Heimlandkreis wertsch\u00e4tze\u201c, hebt der Landrat hervor.<\/p>\n<p>Er wolle nicht nur in Erfahrung bringen, wie die Abl\u00e4ufe im Betrieb sind und was der Chef denkt, entscheidet und anordnet, so Landrat G\u00f6rig. Er m\u00f6chte \u201emittendrin\u201c mitarbeiten, um besser verstehen zu k\u00f6nnen, wie es den Arbeitnehmerinnen und Arbeitnehmern am Arbeitsplatz geht.<\/p>\n<p>Das Handwerk sei im Vogelsbergkreis ein wesentlicher Wirtschaftssektor. In den 1506 Handwerksbetrieben seien 7155 Mitarbeiterinnen und Mitarbeiter t\u00e4tig. \u201eEine stolze Zahl\u201c, so Landrat G\u00f6rig. 501 Auszubildende seien mit Stichtag 31.12.2016 im Handwerk dabei, \u201esich auf den Weg in eine stabile Zukunft zu machen\u201c, so G\u00f6rig. Allgemein gelte im Vogelsbergkreis: Hier gibt es sehr viele sehr kleine aber sehr stabile Unternehmen. Das gelte f\u00fcr die Handwerksbetriebe in besonderem Ma\u00dfe. Die meisten Unternehmen im Landkreis haben deutlich unter zehn Besch\u00e4ftigte, erl\u00e4utert der Landrat. Aber das sei kein Nachteil, \u201esondern es ist genau der Vorteil\u201c. Denn die Besch\u00e4ftigten f\u00fchlen eine hohe Bindung zu \u201eihrem\u201c Betrieb, sie sind zuverl\u00e4ssig, gut ausgebildet und flexibel. Und diese Zuverl\u00e4ssigkeit sei auch ein Garant f\u00fcr hohe Arbeitsplatz-Stabilit\u00e4t und ein Schutz gegen Arbeitslosigkeit.<\/p>\n<p>Um eine Sache macht sich Landrat G\u00f6rig im Einklang mit den Vertretern aller Innungen Sorgen: die Nachwuchsgewinnung. Daher m\u00f6chte er herausfinden, was im Einzelnen unternommen wird und werden k\u00f6nnte, damit gen\u00fcgend Azubis die Attraktivit\u00e4t und Zukunftsf\u00e4higkeit des Handwerks erkennen und ihre Chance ergreifen. Au\u00dferdem komme es ihm darauf an, \u201eniemanden zur\u00fcckzulassen\u201c. Jeder und jede m\u00fcsse eine Chance bekommen \u2013 wenn n\u00f6tig eine Zeitlang auch mit einer Unterst\u00fctzung, damit Jugendliche mit schlechten Start-Chancen in den Betrieben \u201eerst einmal Fu\u00df fassen k\u00f6nnen\u201c.<\/p>\n<p>Denn eine Region mit Zukunft \u2013 das bedeute f\u00fcr ihn: \u201eWirtschaftskraft und sozialen Zusammenhalt gleichzeitig nach vorne bringen\u201c.<\/p>\n<p>Niedrige Arbeitslosigkeit, mehr Besch\u00e4ftigung in allen Branchen, mehr Produktivit\u00e4t, wachsende moderne Firmen, vermehrte Firmenansiedlungen, mehr Zuz\u00fcge als Wegz\u00fcge. Der Vogelsbergkreis sei ein erstklassiger Wohn- und Arbeitsstandort, stellt Landrat G\u00f6rig heraus.<\/p>\n<p>Neben den harten wirtschaftlichen Fakten geht es dem Landrat auch um den gesellschaftlichen Zusammenhalt, um den sozialen Aspekt. Gerade was das Gerechtigkeitsempfinden der Arbeitnehmerinnen und Arbeitnehmer angehe, reiche es dem Landrat nicht aus,  \u201ein Gutachten von Sorgen oder gar Abstiegs\u00e4ngsten der Menschen zu lesen\u201c. Ich will \u201emittendrin\u201c mitbekommen, was es hei\u00dft, Tag f\u00fcr Tag teils unter schwierigen Bedingungen \u2013 Nachtschicht, Zeitdruck, Erwartungsdruck, Vereinbarkeit von Familie und Beruf \u2013 den Alltag zu meistern.<\/p>\n","protected":false},"excerpt":{"rendered":"<div class=\"tmnf_excerpt\"><p>Im Verlaufe dieser Woche m\u00f6chte Landrat Manfred G\u00f6rig (SPD) bei der B\u00e4ckerei Karl in Storndorf in Erfahrung bringen, was es hei\u00dft, Nacht f\u00fcr Nacht die Versorgung mit Brot und Backwaren sicherzustellen. Dazu werde er den Betrieb nicht nur besuchen, sondern eine ganze Nachtschicht als \u201eHelfer\u201c mitarbeiten, teilt die Kreispressestelle mit. Der Landrat wolle vor Ort &hellip;<\/p>\n<\/div>","protected":false},"author":1,"featured_media":0,"comment_status":"closed","ping_status":"closed","sticky":false,"template":"","format":"standard","meta":{"footnotes":""},"categories":[1],"tags":[],"class_list":["post-161832","post","type-post","status-publish","format-standard","hentry","category-startseite"],"_links":{"self":[{"href":"https:\/\/www.fuldaernachrichten.de\/index.php?rest_route=\/wp\/v2\/posts\/161832","targetHints":{"allow":["GET"]}}],"collection":[{"href":"https:\/\/www.fuldaernachrichten.de\/index.php?rest_route=\/wp\/v2\/posts"}],"about":[{"href":"https:\/\/www.fuldaernachrichten.de\/index.php?rest_route=\/wp\/v2\/types\/post"}],"author":[{"embeddable":true,"href":"https:\/\/www.fuldaernachrichten.de\/index.php?rest_route=\/wp\/v2\/users\/1"}],"replies":[{"embeddable":true,"href":"https:\/\/www.fuldaernachrichten.de\/index.php?rest_route=%2Fwp%2Fv2%2Fcomments&post=161832"}],"version-history":[{"count":1,"href":"https:\/\/www.fuldaernachrichten.de\/index.php?rest_route=\/wp\/v2\/posts\/161832\/revisions"}],"predecessor-version":[{"id":161835,"href":"https:\/\/www.fuldaernachrichten.de\/index.php?rest_route=\/wp\/v2\/posts\/161832\/revisions\/161835"}],"wp:attachment":[{"href":"https:\/\/www.fuldaernachrichten.de\/index.php?rest_route=%2Fwp%2Fv2%2Fmedia&parent=161832"}],"wp:term":[{"taxonomy":"category","embeddable":true,"href":"https:\/\/www.fuldaernachrichten.de\/index.php?rest_route=%2Fwp%2Fv2%2Fcategories&post=161832"},{"taxonomy":"post_tag","embeddable":true,"href":"https:\/\/www.fuldaernachrichten.de\/index.php?rest_route=%2Fwp%2Fv2%2Ftags&post=161832"}],"curies":[{"name":"wp","href":"https:\/\/api.w.org\/{rel}","templated":true}]}}