{"id":161828,"date":"2017-04-04T23:45:08","date_gmt":"2017-04-04T21:45:08","guid":{"rendered":"http:\/\/www.fuldaer-nachrichten.de\/?p=161828"},"modified":"2017-04-04T23:45:08","modified_gmt":"2017-04-04T21:45:08","slug":"kreisunterstuetzung-in-hoehe-von-50-000-euro-landrat-goerig-beispielhafte-kooperationskultur","status":"publish","type":"post","link":"https:\/\/www.fuldaernachrichten.de\/?p=161828","title":{"rendered":"Kreisunterst\u00fctzung in H\u00f6he von 50.000 Euro \u2013 Landrat G\u00f6rig: \u201eBeispielhafte Kooperationskultur\u201c"},"content":{"rendered":"<p>Landrat Manfred G\u00f6rig (SPD) und Erster Kreisbeigeordneter Dr. Jens Mischak (CDU) waren zu Besuch im Haus der katholischen Kirche in Alsfeld. Beide lobten die Arbeit des Caritasverbandes im Hinblick auf die Arbeit des Betreuungsvereins und stellten das gro\u00dfe Engagement im Bereich der Integration von Fl\u00fcchtlingen heraus. \u201eWir haben hier eine beispielhafte Kooperationskultur\u201c, unterstrich Sozialdezernent G\u00f6rig.<\/p>\n<p>Die Arbeit der vielen ehrenamtlich t\u00e4tigen Mitb\u00fcrgerinnen und Mitb\u00fcrger in der Fl\u00fcchtlingshilfe halten sowohl der Landrat als auch Jugenddezernent Dr. Mischak f\u00fcr unverzichtbar. Dabei komme der Koordination dieser ehrenamtlichen Arbeit durch den Caritasverband eine Schl\u00fcsselrolle zu. Der Dank von Landrat und Vizelandrat galt daher der Bereichsleiterin Renate Loth und ihrer engagierten Mitarbeiterin im Sektor Integration, Kristina Schwarz.<\/p>\n<p>In einem ausf\u00fchrlichen Gespr\u00e4ch beleuchteten die Kreispolitiker gemeinsam mit Caritasdirektor Joachim Tschakert und Renate Loth die Herausforderung von Kirche und Gesellschaft, langfristig zu denken und planen sowie Pr\u00e4vention finanziell und personell nachhaltig abzusichern. Es gehe um nicht weniger als das \u201eOrganisieren von Zusammenhalt\u201c, hob Tschakert hervor.<\/p>\n<p>Insgesamt knapp 51.000 Euro an Unterst\u00fctzung brachte Landrat G\u00f6rig mit ins Haus der katholischen Kirche. 3000 Euro davon sind f\u00fcr die Unterst\u00fctzung der Arbeit mit Fl\u00fcchtlingen vorgesehen. Die Sozialp\u00e4dagogin Kristina Schwarz k\u00fcmmert sich im Caritaszentrum unter anderem um die Koordination von etwa 20 B\u00fcrgerinnen und B\u00fcrgern, die den zu uns gefl\u00fcchteten Menschen konkrete Hilfe im Alltag bereitstellten. Loth betonte, dass die Arbeit mit Ehrenamtlichen einen hohen Stellenwert in allen Arbeitsbereichen hat. So betreuen und begleiten die  hauptamtlichen Mitarbeiterinnen zurzeit etwa 100 Ehrenamtliche. Joachim Tschakert stellt die Rolle des Caritasverbandes Gie\u00dfen heraus, der in den vergangenen drei Jahren rund 700.000 Euro f\u00fcr die Migrationsarbeit im Vogelsbergkreis investiert habe.<\/p>\n<p>Zur engagierten Arbeit des Caritas-Betreuungsvereins sagte Landrat G\u00f6rig: \u201eDie F\u00e4lle werden komplizierter und intensiver. Der Bund muss den Bereich Betreuung viel st\u00e4rker unterst\u00fctzen.\u201c Der Landkreis habe seine Betreuungsstelle bereits mehr als verdoppelt. Nur gemeinsam mit den Betreuungsvereinen von Diakonie und Caritas und der in diesen Vereinen arbeitenden vielen Ehrenamtlichen sei die Aufgabe zu bew\u00e4ltigen.<\/p>\n<p>Jugenddezernent Dr. Jens Mischak erl\u00e4uterte die neuen Ans\u00e4tze der Sozialraumorientierung, die den Einzelnen viel mehr in den Blick nehme und die Ressourcen vor Ort viel besser ausnutze. \u201eDas neue Konzept klappt vor allem deswegen so gut, weil im Vogelsbergkreis die Kultur der Kooperation von Landkreis und freien Tr\u00e4gern schon seit Jahrzehnten auf solidem Fundament steht.\u201c Diese Einsch\u00e4tzung teilte Caritasdirektor Tschakert.<\/p>\n<p>Die Kreispolitiker und die Vertreter des Caritasverbandes lobten einm\u00fctig die Integrationsbem\u00fchungen von Vogelsberger Firmen, damit junge Fl\u00fcchtlinge hier in Deutschland eine Chance erhalten. Integration vollziehe sich vor allem \u00fcber die Sprache sowie \u00fcber Arbeit und Ausbildung. Gesellschaft und Wirtschaft profitierten von lernbereiten jungen Migranten. Das spiele auch bei der Bew\u00e4ltigung des Fachkr\u00e4ftebedarfs eine Rolle. Und: \u201eGut integrierte Leute schickt man nicht zur\u00fcck in unsichere L\u00e4nder\u201c, machte Landrat G\u00f6rig abschlie\u00dfend deutlich. Dabei ist f\u00fcr die Sozialp\u00e4dagogin Kristina Schwarz klar: \u201eSozialarbeit ist immer auch Kulturarbeit \u2013 daf\u00fcr braucht man einen langen Atem.\u201c<\/p>\n","protected":false},"excerpt":{"rendered":"<div class=\"tmnf_excerpt\"><p>Landrat Manfred G\u00f6rig (SPD) und Erster Kreisbeigeordneter Dr. Jens Mischak (CDU) waren zu Besuch im Haus der katholischen Kirche in Alsfeld. Beide lobten die Arbeit des Caritasverbandes im Hinblick auf die Arbeit des Betreuungsvereins und stellten das gro\u00dfe Engagement im Bereich der Integration von Fl\u00fcchtlingen heraus. \u201eWir haben hier eine beispielhafte Kooperationskultur\u201c, unterstrich Sozialdezernent G\u00f6rig. &hellip;<\/p>\n<\/div>","protected":false},"author":1,"featured_media":161842,"comment_status":"closed","ping_status":"closed","sticky":false,"template":"","format":"standard","meta":{"footnotes":""},"categories":[1],"tags":[],"class_list":["post-161828","post","type-post","status-publish","format-standard","has-post-thumbnail","hentry","category-startseite"],"_links":{"self":[{"href":"https:\/\/www.fuldaernachrichten.de\/index.php?rest_route=\/wp\/v2\/posts\/161828","targetHints":{"allow":["GET"]}}],"collection":[{"href":"https:\/\/www.fuldaernachrichten.de\/index.php?rest_route=\/wp\/v2\/posts"}],"about":[{"href":"https:\/\/www.fuldaernachrichten.de\/index.php?rest_route=\/wp\/v2\/types\/post"}],"author":[{"embeddable":true,"href":"https:\/\/www.fuldaernachrichten.de\/index.php?rest_route=\/wp\/v2\/users\/1"}],"replies":[{"embeddable":true,"href":"https:\/\/www.fuldaernachrichten.de\/index.php?rest_route=%2Fwp%2Fv2%2Fcomments&post=161828"}],"version-history":[{"count":1,"href":"https:\/\/www.fuldaernachrichten.de\/index.php?rest_route=\/wp\/v2\/posts\/161828\/revisions"}],"predecessor-version":[{"id":161843,"href":"https:\/\/www.fuldaernachrichten.de\/index.php?rest_route=\/wp\/v2\/posts\/161828\/revisions\/161843"}],"wp:featuredmedia":[{"embeddable":true,"href":"https:\/\/www.fuldaernachrichten.de\/index.php?rest_route=\/wp\/v2\/media\/161842"}],"wp:attachment":[{"href":"https:\/\/www.fuldaernachrichten.de\/index.php?rest_route=%2Fwp%2Fv2%2Fmedia&parent=161828"}],"wp:term":[{"taxonomy":"category","embeddable":true,"href":"https:\/\/www.fuldaernachrichten.de\/index.php?rest_route=%2Fwp%2Fv2%2Fcategories&post=161828"},{"taxonomy":"post_tag","embeddable":true,"href":"https:\/\/www.fuldaernachrichten.de\/index.php?rest_route=%2Fwp%2Fv2%2Ftags&post=161828"}],"curies":[{"name":"wp","href":"https:\/\/api.w.org\/{rel}","templated":true}]}}