{"id":161821,"date":"2017-04-04T23:42:05","date_gmt":"2017-04-04T21:42:05","guid":{"rendered":"http:\/\/www.fuldaer-nachrichten.de\/?p=161821"},"modified":"2017-04-04T23:42:05","modified_gmt":"2017-04-04T21:42:05","slug":"bischof-algermissen-gratuliert-neuem-bischof-von-groningen-leeuwarden","status":"publish","type":"post","link":"https:\/\/www.fuldaernachrichten.de\/?p=161821","title":{"rendered":"Bischof Algermissen gratuliert neuem Bischof von Groningen-Leeuwarden"},"content":{"rendered":"<p>Der Fuldaer Bischof Heinz Josef Algermissen hat dem neuen Bischof von Groningen-Leeuwarden (Niederlande), Msgr. Dr. Ron van den Hout, zu seiner Ernennung durch Papst Franziskus in einem pers\u00f6nlichen Schreiben gratuliert. \u201eDa sich in Dokkum und damit in Ihrem neuen Bistum der Ort befindet, an dem der Patron des Bistums Fulda, der Hl. Bonifatius, mit seinen Gef\u00e4hrten das Martyrium erlitt, sind unsere beiden Di\u00f6zesen seit vielen Jahren freundschaftlich miteinander verbunden\u201c, schreibt Algermissen. \u201eDer Hl. Bonifatius hat mit gro\u00dfem Einsatz das Wort Gottes verk\u00fcndet und dabei ganz auf Gottes Vorsehung vertraut. Er erinnert uns an unsere Sendung, das Evangelium glaubw\u00fcrdig zu bezeugen und in Wort und Tat zu verk\u00fcnden.\u201c F\u00fcr seine neue Aufgabe w\u00fcnscht der Fuldaer Oberhirte ihm Gottes Segen, Kraft und Mut sowie die Best\u00e4rkung durch den Heiligen Geist in allen Entscheidungen.<\/p>\n","protected":false},"excerpt":{"rendered":"<div class=\"tmnf_excerpt\"><p>Der Fuldaer Bischof Heinz Josef Algermissen hat dem neuen Bischof von Groningen-Leeuwarden (Niederlande), Msgr. Dr. Ron van den Hout, zu seiner Ernennung durch Papst Franziskus in einem pers\u00f6nlichen Schreiben gratuliert. \u201eDa sich in Dokkum und damit in Ihrem neuen Bistum der Ort befindet, an dem der Patron des Bistums Fulda, der Hl. Bonifatius, mit seinen &hellip;<\/p>\n<\/div>","protected":false},"author":1,"featured_media":0,"comment_status":"closed","ping_status":"closed","sticky":false,"template":"","format":"standard","meta":{"footnotes":""},"categories":[1],"tags":[],"class_list":["post-161821","post","type-post","status-publish","format-standard","hentry","category-startseite"],"_links":{"self":[{"href":"https:\/\/www.fuldaernachrichten.de\/index.php?rest_route=\/wp\/v2\/posts\/161821","targetHints":{"allow":["GET"]}}],"collection":[{"href":"https:\/\/www.fuldaernachrichten.de\/index.php?rest_route=\/wp\/v2\/posts"}],"about":[{"href":"https:\/\/www.fuldaernachrichten.de\/index.php?rest_route=\/wp\/v2\/types\/post"}],"author":[{"embeddable":true,"href":"https:\/\/www.fuldaernachrichten.de\/index.php?rest_route=\/wp\/v2\/users\/1"}],"replies":[{"embeddable":true,"href":"https:\/\/www.fuldaernachrichten.de\/index.php?rest_route=%2Fwp%2Fv2%2Fcomments&post=161821"}],"version-history":[{"count":1,"href":"https:\/\/www.fuldaernachrichten.de\/index.php?rest_route=\/wp\/v2\/posts\/161821\/revisions"}],"predecessor-version":[{"id":161831,"href":"https:\/\/www.fuldaernachrichten.de\/index.php?rest_route=\/wp\/v2\/posts\/161821\/revisions\/161831"}],"wp:attachment":[{"href":"https:\/\/www.fuldaernachrichten.de\/index.php?rest_route=%2Fwp%2Fv2%2Fmedia&parent=161821"}],"wp:term":[{"taxonomy":"category","embeddable":true,"href":"https:\/\/www.fuldaernachrichten.de\/index.php?rest_route=%2Fwp%2Fv2%2Fcategories&post=161821"},{"taxonomy":"post_tag","embeddable":true,"href":"https:\/\/www.fuldaernachrichten.de\/index.php?rest_route=%2Fwp%2Fv2%2Ftags&post=161821"}],"curies":[{"name":"wp","href":"https:\/\/api.w.org\/{rel}","templated":true}]}}