{"id":161819,"date":"2017-04-04T23:40:45","date_gmt":"2017-04-04T21:40:45","guid":{"rendered":"http:\/\/www.fuldaer-nachrichten.de\/?p=161819"},"modified":"2017-04-04T23:40:45","modified_gmt":"2017-04-04T21:40:45","slug":"online-selbstlernkurs-stressreduktion-und-entspannung","status":"publish","type":"post","link":"https:\/\/www.fuldaernachrichten.de\/?p=161819","title":{"rendered":"Online-Selbstlernkurs \u201eStressreduktion und Entspannung\u201c"},"content":{"rendered":"<p>Die Volkshochschule des Landkreises Fulda geht neue Wege und bietet einen reinen online-Selbstlernkurs \u201eStressreduktion und Entspannung\u201c an. In vier Modulen werden grundlegende Kompetenzen des Zeit- und Stressmanagements vermittelt, die flexibel bearbeitet werden k\u00f6nnen. Der Einstieg ist jederzeit m\u00f6glich. Informationen und Anmeldungen zum Kurs VO3010198 bei der Studienleiterin f\u00fcr den Fachbereich Gesundheit, Dr. Gudrun Schwegler, Telefon (0661)6006-1645.<\/p>\n","protected":false},"excerpt":{"rendered":"<div class=\"tmnf_excerpt\"><p>Die Volkshochschule des Landkreises Fulda geht neue Wege und bietet einen reinen online-Selbstlernkurs \u201eStressreduktion und Entspannung\u201c an. In vier Modulen werden grundlegende Kompetenzen des Zeit- und Stressmanagements vermittelt, die flexibel bearbeitet werden k\u00f6nnen. Der Einstieg ist jederzeit m\u00f6glich. Informationen und Anmeldungen zum Kurs VO3010198 bei der Studienleiterin f\u00fcr den Fachbereich Gesundheit, Dr. Gudrun Schwegler, Telefon &hellip;<\/p>\n<\/div>","protected":false},"author":1,"featured_media":0,"comment_status":"closed","ping_status":"closed","sticky":false,"template":"","format":"standard","meta":{"footnotes":""},"categories":[1],"tags":[],"class_list":["post-161819","post","type-post","status-publish","format-standard","hentry","category-startseite"],"_links":{"self":[{"href":"https:\/\/www.fuldaernachrichten.de\/index.php?rest_route=\/wp\/v2\/posts\/161819","targetHints":{"allow":["GET"]}}],"collection":[{"href":"https:\/\/www.fuldaernachrichten.de\/index.php?rest_route=\/wp\/v2\/posts"}],"about":[{"href":"https:\/\/www.fuldaernachrichten.de\/index.php?rest_route=\/wp\/v2\/types\/post"}],"author":[{"embeddable":true,"href":"https:\/\/www.fuldaernachrichten.de\/index.php?rest_route=\/wp\/v2\/users\/1"}],"replies":[{"embeddable":true,"href":"https:\/\/www.fuldaernachrichten.de\/index.php?rest_route=%2Fwp%2Fv2%2Fcomments&post=161819"}],"version-history":[{"count":1,"href":"https:\/\/www.fuldaernachrichten.de\/index.php?rest_route=\/wp\/v2\/posts\/161819\/revisions"}],"predecessor-version":[{"id":161822,"href":"https:\/\/www.fuldaernachrichten.de\/index.php?rest_route=\/wp\/v2\/posts\/161819\/revisions\/161822"}],"wp:attachment":[{"href":"https:\/\/www.fuldaernachrichten.de\/index.php?rest_route=%2Fwp%2Fv2%2Fmedia&parent=161819"}],"wp:term":[{"taxonomy":"category","embeddable":true,"href":"https:\/\/www.fuldaernachrichten.de\/index.php?rest_route=%2Fwp%2Fv2%2Fcategories&post=161819"},{"taxonomy":"post_tag","embeddable":true,"href":"https:\/\/www.fuldaernachrichten.de\/index.php?rest_route=%2Fwp%2Fv2%2Ftags&post=161819"}],"curies":[{"name":"wp","href":"https:\/\/api.w.org\/{rel}","templated":true}]}}