{"id":161815,"date":"2017-04-04T23:43:36","date_gmt":"2017-04-04T21:43:36","guid":{"rendered":"http:\/\/www.fuldaer-nachrichten.de\/?p=161815"},"modified":"2017-04-04T23:43:36","modified_gmt":"2017-04-04T21:43:36","slug":"fortbildungen-fuer-ehrenamtliche-vereinsrecht-und-fundraising-noch-plaetze-frei","status":"publish","type":"post","link":"https:\/\/www.fuldaernachrichten.de\/?p=161815","title":{"rendered":"Fortbildungen f\u00fcr Ehrenamtliche: Vereinsrecht und Fundraising   &#8211; Noch Pl\u00e4tze frei &#8211;"},"content":{"rendered":"<p>Die Lokale Anlaufstelle f\u00fcr das Ehrenamt beim Vogelsbergkreis informiert dar\u00fcber, dass am Montag, 10. April, die Fortbildung &#8220;Vereinsrecht \u2013 Update 2017&#8221; in der Volkshochschule in Lauterbach in der Zeit von 19:00 \u2013 21:15 Uhr stattfindet.<\/p>\n<p>Die Fortbildung wird von Herrn Malte J\u00f6rg Uffeln geleitet und vermittelt einen \u00dcberblick \u00fcber die neueste Rechtsprechung im Vereinsrecht, behandelt aktuelle Probleme bei der Satzungsgestaltung und gibt hilfreiche Tipps f\u00fcr die Vereinspraxis.<\/p>\n<p>Au\u00dferdem wird am Donnerstag, 20. April 2017, in der Zeit von 17:00 \u2013 20:30 Uhr eine Fortbildung zum Thema \u201eFundraising\u201c mit der Dozentin Karin Buchner angeboten. Veranstaltungsort ist die Volkshochschule in Alsfeld.<\/p>\n<p>Was ist Fundraising? Gute Ideen in die Tat umsetzen und erfolgreiche Projekte weiterf\u00fchren: Neben viel Engagement ben\u00f6tigt man hierf\u00fcr meist auch finanzielle Mittel. Dieses Seminar verr\u00e4t, wie man Spender erfolgreich gewinnen und an die Organisation binden kann. Die Bausteine des erfolgreichen Fundraising und Tipps zum Aufbau eines Fundraising-Teams sind Inhalte des Abends.<\/p>\n<p>Anmeldungen bitte bis 06. April 2017 bei der Lokalen Anlaufstelle beim Kreisausschuss des Vogelsbergkreises, Frau Schneider, E-Mail sabine.schneider@vogelsbergkreis.de oder Tel. 06641 977-491. Ein Formular zum Anmelden finden Sie auf der Homepage des Vogelsbergkreises unter www.vogelsbergkreis.de, Rubrik \u201eB\u00fcrgerservice, Ehrenamt\u201c.<\/p>\n","protected":false},"excerpt":{"rendered":"<div class=\"tmnf_excerpt\"><p>Die Lokale Anlaufstelle f\u00fcr das Ehrenamt beim Vogelsbergkreis informiert dar\u00fcber, dass am Montag, 10. April, die Fortbildung &#8220;Vereinsrecht \u2013 Update 2017&#8221; in der Volkshochschule in Lauterbach in der Zeit von 19:00 \u2013 21:15 Uhr stattfindet. Die Fortbildung wird von Herrn Malte J\u00f6rg Uffeln geleitet und vermittelt einen \u00dcberblick \u00fcber die neueste Rechtsprechung im Vereinsrecht, behandelt &hellip;<\/p>\n<\/div>","protected":false},"author":1,"featured_media":0,"comment_status":"closed","ping_status":"closed","sticky":false,"template":"","format":"standard","meta":{"footnotes":""},"categories":[1],"tags":[],"class_list":["post-161815","post","type-post","status-publish","format-standard","hentry","category-startseite"],"_links":{"self":[{"href":"https:\/\/www.fuldaernachrichten.de\/index.php?rest_route=\/wp\/v2\/posts\/161815","targetHints":{"allow":["GET"]}}],"collection":[{"href":"https:\/\/www.fuldaernachrichten.de\/index.php?rest_route=\/wp\/v2\/posts"}],"about":[{"href":"https:\/\/www.fuldaernachrichten.de\/index.php?rest_route=\/wp\/v2\/types\/post"}],"author":[{"embeddable":true,"href":"https:\/\/www.fuldaernachrichten.de\/index.php?rest_route=\/wp\/v2\/users\/1"}],"replies":[{"embeddable":true,"href":"https:\/\/www.fuldaernachrichten.de\/index.php?rest_route=%2Fwp%2Fv2%2Fcomments&post=161815"}],"version-history":[{"count":1,"href":"https:\/\/www.fuldaernachrichten.de\/index.php?rest_route=\/wp\/v2\/posts\/161815\/revisions"}],"predecessor-version":[{"id":161837,"href":"https:\/\/www.fuldaernachrichten.de\/index.php?rest_route=\/wp\/v2\/posts\/161815\/revisions\/161837"}],"wp:attachment":[{"href":"https:\/\/www.fuldaernachrichten.de\/index.php?rest_route=%2Fwp%2Fv2%2Fmedia&parent=161815"}],"wp:term":[{"taxonomy":"category","embeddable":true,"href":"https:\/\/www.fuldaernachrichten.de\/index.php?rest_route=%2Fwp%2Fv2%2Fcategories&post=161815"},{"taxonomy":"post_tag","embeddable":true,"href":"https:\/\/www.fuldaernachrichten.de\/index.php?rest_route=%2Fwp%2Fv2%2Ftags&post=161815"}],"curies":[{"name":"wp","href":"https:\/\/api.w.org\/{rel}","templated":true}]}}