{"id":161813,"date":"2017-04-04T23:41:39","date_gmt":"2017-04-04T21:41:39","guid":{"rendered":"http:\/\/www.fuldaer-nachrichten.de\/?p=161813"},"modified":"2017-04-04T23:41:39","modified_gmt":"2017-04-04T21:41:39","slug":"drei-stellvertretende-aerztliche-leiter-rettungsdienst-haben-am-1-april-2017-ihren-dienst-angetreten","status":"publish","type":"post","link":"https:\/\/www.fuldaernachrichten.de\/?p=161813","title":{"rendered":"Drei stellvertretende \u00c4rztliche Leiter Rettungsdienst haben am 1. April 2017 ihren Dienst angetreten"},"content":{"rendered":"<p>Seit 1. April 2016 ist die Stelle des \u00c4rztlichen Leiters Rettungsdienst im Landkreis Fulda vakant. Am 1. April 2017 haben die drei erfahrenen Leitenden Not\u00e4rzte Erik Erlekampf, Carsten Dittmann und Thomas Plappert die Aufgaben der \u00c4rztlichen Leitung Rettungsdienst \u00fcbernommen. Die Bestellung erfolgt als \u201estellvertretender \u00c4rztlicher Leiter Rettungsdienst\u201c.<\/p>\n<p>Die Rettungsdiensttr\u00e4ger haben gem\u00e4\u00df Paragraph 20 Absatz 1 des Hessischen Rettungsdienstgesetzes (HRDG) zur Sicherstellung einer effizienten Erf\u00fcllung der Aufgaben im Bereich des medizinischen Qualit\u00e4tsmanagements einen \u00c4rztlichen Leiter Rettungsdienst zu bestellen. Die Schnittstellenarbeit mit den Leistungserbringern im Landkreis Fulda, dem DRK Fulda und dem DRK H\u00fcnfeld, den Maltesern, der Feuerwehr, dem Klinikum Fulda, aber vor allem mit der Zentralen Leitstelle, geh\u00f6rt zu den wesentlichen Aufgaben des neuen Teams.<\/p>\n<p>\u201eAlle drei haben langj\u00e4hrige Erfahrung in F\u00fchrungspositionen in Klinik und Rettungsdienst und sind vertraut mit den Strukturen im Landkreis Fulda\u201c, erkl\u00e4rt Frank Reith, Fachdienstleiter Gefahrenabwehr beim Landkreis Fulda. Angesichts der Professionalisierung im Rettungsdienst und der Notwendigkeit, die Vorgaben des neuen Notfallsanit\u00e4tergesetzes im Landkreis Fulda umzusetzen, sei die fachliche Beratung und Unterst\u00fctzung des Rettungsdiensttr\u00e4ger und die Optimierung der Prozesse sowie die Fort- und Weiterbildung des Personals wichtiger denn je, so Reith.<\/p>\n<p>Mehr Standorte, mehr Eins\u00e4tze sowie ein ver\u00e4ndertes Nutzungsverhalten der Bev\u00f6lkerung machen eine Straffung der Abl\u00e4ufe n\u00f6tig: \u201eDie Sekund\u00e4rtransporte zwischen Krankenh\u00e4usern haben aufgrund der Spezialisierung der Behandlungszentren zugenommen \u2013 au\u00dferdem wird heute bevorzugt der Notarztwagen gerufen, wo vor wenigen Jahrzehnten noch der Hausarzt konsultiert wurde. Das umsichtige Handeln am Patienten durch Ressourcenmanagement r\u00fcckt immer mehr in den Fokus\u201c, unterstreicht der Fachdienstleiter Gefahrenabwehr.<\/p>\n<p>Erik Erlekampf ist Facharzt f\u00fcr Chirurgie, Unfallchirurgie, spezielle Unfallchirurgie und Notfallmedizin mit eigener Praxis in Fulda sowie Notarzt im Notarzteinsatzfahrzeug der Feuerwehr Fulda. Carsten Dittmann ist Facharzt f\u00fcr An\u00e4sthesie, Intensiv- und Notfallmedizin, leitender An\u00e4sthesist am Neuro-Spine-Center im M\u00fcnsterfeld und mit den Notarzteinsatzfahrzeugen Fulda und Rh\u00f6n im Einsatz. Thomas Plappert ist Oberarzt in der Zentralen Notaufnahme des Klinikums sowie  Notarzt am \u201eChristoph 28\u201c und im Notarzteinsatzfahrzeug Rh\u00f6n. <\/p>\n<p>\u201eDie langj\u00e4hrige Expertise der drei Not\u00e4rzte, vor allem in den Bereichen Aus- und Fortbildung, Gro\u00dfschadensereignisse und Organisation, erlaubt es, das breite Spektrum des medizinischen Qualit\u00e4tsmanagements abzudecken. Sie erg\u00e4nzen einander und werden sowohl in Ausbildung, Organisation als auch bei der Optimierung der Einsatzwege wichtigen Input liefern\u201c, so Reith. Deshalb ist angedacht, die Gruppe der stellvertretenden \u00c4rztlichen Leiter Rettungsdienst auf Dauer einzurichten, selbst wenn die Stelle zu einem sp\u00e4teren Zeitpunkt hauptamtlich besetzt werden kann. \u201eDie Vielzahl der gesetzlichen Aufgaben macht es erforderlich, \u00fcber ein beratendes und unterst\u00fctzendes Gremium zu verf\u00fcgen.\u201c<\/p>\n<p>Bild: Starkes Team f\u00fcr den Rettungsdienst (von links): Frank Reith, Fachdienstleister Gefahrenabwehr, mit den drei neu bestellten stellvertretenden \u00c4rztlichen Leitern Rettungsdienst Erik Erlekampf, Carsten Dittmann und Thomas Plappert<\/p>\n","protected":false},"excerpt":{"rendered":"<div class=\"tmnf_excerpt\"><p>Seit 1. April 2016 ist die Stelle des \u00c4rztlichen Leiters Rettungsdienst im Landkreis Fulda vakant. Am 1. April 2017 haben die drei erfahrenen Leitenden Not\u00e4rzte Erik Erlekampf, Carsten Dittmann und Thomas Plappert die Aufgaben der \u00c4rztlichen Leitung Rettungsdienst \u00fcbernommen. Die Bestellung erfolgt als \u201estellvertretender \u00c4rztlicher Leiter Rettungsdienst\u201c. Die Rettungsdiensttr\u00e4ger haben gem\u00e4\u00df Paragraph 20 Absatz 1 &hellip;<\/p>\n<\/div>","protected":false},"author":1,"featured_media":161824,"comment_status":"closed","ping_status":"closed","sticky":false,"template":"","format":"standard","meta":{"footnotes":""},"categories":[1],"tags":[],"class_list":["post-161813","post","type-post","status-publish","format-standard","has-post-thumbnail","hentry","category-startseite"],"_links":{"self":[{"href":"https:\/\/www.fuldaernachrichten.de\/index.php?rest_route=\/wp\/v2\/posts\/161813","targetHints":{"allow":["GET"]}}],"collection":[{"href":"https:\/\/www.fuldaernachrichten.de\/index.php?rest_route=\/wp\/v2\/posts"}],"about":[{"href":"https:\/\/www.fuldaernachrichten.de\/index.php?rest_route=\/wp\/v2\/types\/post"}],"author":[{"embeddable":true,"href":"https:\/\/www.fuldaernachrichten.de\/index.php?rest_route=\/wp\/v2\/users\/1"}],"replies":[{"embeddable":true,"href":"https:\/\/www.fuldaernachrichten.de\/index.php?rest_route=%2Fwp%2Fv2%2Fcomments&post=161813"}],"version-history":[{"count":1,"href":"https:\/\/www.fuldaernachrichten.de\/index.php?rest_route=\/wp\/v2\/posts\/161813\/revisions"}],"predecessor-version":[{"id":161825,"href":"https:\/\/www.fuldaernachrichten.de\/index.php?rest_route=\/wp\/v2\/posts\/161813\/revisions\/161825"}],"wp:featuredmedia":[{"embeddable":true,"href":"https:\/\/www.fuldaernachrichten.de\/index.php?rest_route=\/wp\/v2\/media\/161824"}],"wp:attachment":[{"href":"https:\/\/www.fuldaernachrichten.de\/index.php?rest_route=%2Fwp%2Fv2%2Fmedia&parent=161813"}],"wp:term":[{"taxonomy":"category","embeddable":true,"href":"https:\/\/www.fuldaernachrichten.de\/index.php?rest_route=%2Fwp%2Fv2%2Fcategories&post=161813"},{"taxonomy":"post_tag","embeddable":true,"href":"https:\/\/www.fuldaernachrichten.de\/index.php?rest_route=%2Fwp%2Fv2%2Ftags&post=161813"}],"curies":[{"name":"wp","href":"https:\/\/api.w.org\/{rel}","templated":true}]}}