{"id":161800,"date":"2017-04-04T23:36:06","date_gmt":"2017-04-04T21:36:06","guid":{"rendered":"http:\/\/www.fuldaer-nachrichten.de\/?p=161800"},"modified":"2017-04-04T23:36:06","modified_gmt":"2017-04-04T21:36:06","slug":"biblische-deutungen-des-todes-jesu","status":"publish","type":"post","link":"https:\/\/www.fuldaernachrichten.de\/?p=161800","title":{"rendered":"Biblische Deutungen des Todes Jesu"},"content":{"rendered":"<p>Am Montag in der Karwoche, den 10. April 2017 spricht im Bonifatiushaus Fulda der renommierte Bochumer Neutestamentler Prof. Dr. Thomas S\u00f6ding \u00fcber biblische Deutungen des Todes Jesu am Kreuz. S\u00f6ding ist u.a. Berater der Deutschen Bischofskonferenz, Konsultor des P\u00e4pstlichen Rates f\u00fcr die Neuevangelisierung und Autor zahlreicher Ver\u00f6ffentlichungen zum Thema. Der Beginn: 19.00 Uhr. Der Eintritt ist frei. Anmeldungen werden erbeten an das Bonifatiushaus, Tel.: 0661\/8398-117 oder unter info@bonifatiushaus.de.<\/p>\n","protected":false},"excerpt":{"rendered":"<div class=\"tmnf_excerpt\"><p>Am Montag in der Karwoche, den 10. April 2017 spricht im Bonifatiushaus Fulda der renommierte Bochumer Neutestamentler Prof. Dr. Thomas S\u00f6ding \u00fcber biblische Deutungen des Todes Jesu am Kreuz. S\u00f6ding ist u.a. Berater der Deutschen Bischofskonferenz, Konsultor des P\u00e4pstlichen Rates f\u00fcr die Neuevangelisierung und Autor zahlreicher Ver\u00f6ffentlichungen zum Thema. Der Beginn: 19.00 Uhr. Der Eintritt &hellip;<\/p>\n<\/div>","protected":false},"author":1,"featured_media":0,"comment_status":"closed","ping_status":"closed","sticky":false,"template":"","format":"standard","meta":{"footnotes":""},"categories":[1],"tags":[],"class_list":["post-161800","post","type-post","status-publish","format-standard","hentry","category-startseite"],"_links":{"self":[{"href":"https:\/\/www.fuldaernachrichten.de\/index.php?rest_route=\/wp\/v2\/posts\/161800","targetHints":{"allow":["GET"]}}],"collection":[{"href":"https:\/\/www.fuldaernachrichten.de\/index.php?rest_route=\/wp\/v2\/posts"}],"about":[{"href":"https:\/\/www.fuldaernachrichten.de\/index.php?rest_route=\/wp\/v2\/types\/post"}],"author":[{"embeddable":true,"href":"https:\/\/www.fuldaernachrichten.de\/index.php?rest_route=\/wp\/v2\/users\/1"}],"replies":[{"embeddable":true,"href":"https:\/\/www.fuldaernachrichten.de\/index.php?rest_route=%2Fwp%2Fv2%2Fcomments&post=161800"}],"version-history":[{"count":1,"href":"https:\/\/www.fuldaernachrichten.de\/index.php?rest_route=\/wp\/v2\/posts\/161800\/revisions"}],"predecessor-version":[{"id":161804,"href":"https:\/\/www.fuldaernachrichten.de\/index.php?rest_route=\/wp\/v2\/posts\/161800\/revisions\/161804"}],"wp:attachment":[{"href":"https:\/\/www.fuldaernachrichten.de\/index.php?rest_route=%2Fwp%2Fv2%2Fmedia&parent=161800"}],"wp:term":[{"taxonomy":"category","embeddable":true,"href":"https:\/\/www.fuldaernachrichten.de\/index.php?rest_route=%2Fwp%2Fv2%2Fcategories&post=161800"},{"taxonomy":"post_tag","embeddable":true,"href":"https:\/\/www.fuldaernachrichten.de\/index.php?rest_route=%2Fwp%2Fv2%2Ftags&post=161800"}],"curies":[{"name":"wp","href":"https:\/\/api.w.org\/{rel}","templated":true}]}}