{"id":161795,"date":"2017-04-04T23:36:21","date_gmt":"2017-04-04T21:36:21","guid":{"rendered":"http:\/\/www.fuldaer-nachrichten.de\/?p=161795"},"modified":"2017-04-04T23:36:21","modified_gmt":"2017-04-04T21:36:21","slug":"zahl-der-leser-steigt-weiter-huenfelder-stadtbibliothek-legte-jahresbilanz-vor","status":"publish","type":"post","link":"https:\/\/www.fuldaernachrichten.de\/?p=161795","title":{"rendered":"Zahl der Leser steigt weiter H\u00fcnfelder Stadtbibliothek legte Jahresbilanz vor"},"content":{"rendered":"<p>Die Zahl der angemeldeten Leser der H\u00fcnfelder Stadtbibliothek steigt weiter. Gegen Ende des vergangenen Jahres waren es 4 972 eingetragene Leser gegen\u00fcber 4 785 aus dem Vorjahr. Auch die Zahl der Entleihungen ist weiter angestiegen. Von 54 133 im Jahr 2014 auf 56 594 2015 und 59 011 im Jahr 2016.<\/p>\n<p>Diese Zahlen belegen nach den Worten es B\u00fcrgermeisters die hohe Attraktivit\u00e4t der Stadtbibliothek und das gro\u00dfe Engagement der Mitarbeiterinnen. Neue Leser konnten auch durch viele Veranstaltungen der Bibliothek gewonnen werden. Waren es im Jahr 2014 noch 18 Veranstaltungen, so wurde die Zahl im Jahr 2015 auf 27 und im Jahr 2016 auf 54 Veranstaltungen gesteigert. Dazu geh\u00f6rten 11 F\u00fchrungen f\u00fcr Schulklassen, drei M\u00e4rchenreisen mit Kindergartengruppen, Vorlesewettbewerbe, eine Ausstellung zur Frauenwoche, ein adventlicher Lesenachmittag und insgesamt 37 Vorlesestunden f\u00fcr Kinder. Die drei Mitarbeiterinnen, Evelyn Sch\u00f6nherr, Gabriele Schabel und Eva Stadtm\u00fcller werden dabei auch unterst\u00fctzt durch einen F\u00f6rderverein, der zur Frauenwoche in H\u00fcnfeld einen eigenen Kabarettabend organisiert hatte. W\u00e4hrend des Arbeitsbesuchs von B\u00fcrgermeister Stefan Schwenk wurden auch die Pl\u00e4ne f\u00fcr den Neubau der Stadtbibliothek in der Kaiserstra\u00dfe besprochen. Dort soll anstatt des zun\u00e4chst geplanten Daches eine neue Geschossebene errichtet werden, die die Stadtbibliothek sowie eine Arztpraxis oder gewerbliche R\u00e4ume aufnehmen wird. Diese neuen R\u00e4umlichkeiten sollen den Mitarbeiterinnen mehr Platz f\u00fcr B\u00fccher und bessere Rahmenbedingungen f\u00fcr Veranstaltungen in der Bibliothek bieten, und er hoffe, dass noch in diesem Jahr mit dem Bau begonnen werden k\u00f6nne, so dass die neue Bibliothek 2018 bezugsfertig werde, erkl\u00e4rte B\u00fcrgermeister Schwenk abschlie\u00dfend.<\/p>\n<p>B\u00fcrgermeister Stefan Schwenk in einem Arbeitsgespr\u00e4ch mit den Mitarbeiterinnen der Stadtbibliothek, Evelyn Sch\u00f6nherr, Gabriele Schabel und Eva Stadtm\u00fcller. Sie informierten den B\u00fcrgermeister auch \u00fcber die Beschaffung von 2.100 neuen Medien, B\u00fcchern, H\u00f6rb\u00fcchern, DVD\u00e2\u20ac\u2122s und Zeitschriften, die im vergangenen Jahr in den Bestand der Bibliothek aufgenommen wurden. Insgesamt verf\u00fcgt die Bibliothek damit \u00fcber mehr als 21.000 Medien, die nach wie vor kostenfrei ausgeliehen werden k\u00f6nnen. <\/p>\n","protected":false},"excerpt":{"rendered":"<div class=\"tmnf_excerpt\"><p>Die Zahl der angemeldeten Leser der H\u00fcnfelder Stadtbibliothek steigt weiter. Gegen Ende des vergangenen Jahres waren es 4 972 eingetragene Leser gegen\u00fcber 4 785 aus dem Vorjahr. Auch die Zahl der Entleihungen ist weiter angestiegen. Von 54 133 im Jahr 2014 auf 56 594 2015 und 59 011 im Jahr 2016. Diese Zahlen belegen nach &hellip;<\/p>\n<\/div>","protected":false},"author":1,"featured_media":161801,"comment_status":"closed","ping_status":"closed","sticky":false,"template":"","format":"standard","meta":{"footnotes":""},"categories":[1],"tags":[],"class_list":["post-161795","post","type-post","status-publish","format-standard","has-post-thumbnail","hentry","category-startseite"],"_links":{"self":[{"href":"https:\/\/www.fuldaernachrichten.de\/index.php?rest_route=\/wp\/v2\/posts\/161795","targetHints":{"allow":["GET"]}}],"collection":[{"href":"https:\/\/www.fuldaernachrichten.de\/index.php?rest_route=\/wp\/v2\/posts"}],"about":[{"href":"https:\/\/www.fuldaernachrichten.de\/index.php?rest_route=\/wp\/v2\/types\/post"}],"author":[{"embeddable":true,"href":"https:\/\/www.fuldaernachrichten.de\/index.php?rest_route=\/wp\/v2\/users\/1"}],"replies":[{"embeddable":true,"href":"https:\/\/www.fuldaernachrichten.de\/index.php?rest_route=%2Fwp%2Fv2%2Fcomments&post=161795"}],"version-history":[{"count":1,"href":"https:\/\/www.fuldaernachrichten.de\/index.php?rest_route=\/wp\/v2\/posts\/161795\/revisions"}],"predecessor-version":[{"id":161806,"href":"https:\/\/www.fuldaernachrichten.de\/index.php?rest_route=\/wp\/v2\/posts\/161795\/revisions\/161806"}],"wp:featuredmedia":[{"embeddable":true,"href":"https:\/\/www.fuldaernachrichten.de\/index.php?rest_route=\/wp\/v2\/media\/161801"}],"wp:attachment":[{"href":"https:\/\/www.fuldaernachrichten.de\/index.php?rest_route=%2Fwp%2Fv2%2Fmedia&parent=161795"}],"wp:term":[{"taxonomy":"category","embeddable":true,"href":"https:\/\/www.fuldaernachrichten.de\/index.php?rest_route=%2Fwp%2Fv2%2Fcategories&post=161795"},{"taxonomy":"post_tag","embeddable":true,"href":"https:\/\/www.fuldaernachrichten.de\/index.php?rest_route=%2Fwp%2Fv2%2Ftags&post=161795"}],"curies":[{"name":"wp","href":"https:\/\/api.w.org\/{rel}","templated":true}]}}