{"id":161790,"date":"2017-04-04T23:33:57","date_gmt":"2017-04-04T21:33:57","guid":{"rendered":"http:\/\/www.fuldaer-nachrichten.de\/?p=161790"},"modified":"2017-04-04T23:33:57","modified_gmt":"2017-04-04T21:33:57","slug":"archiv-wird-digital-magistrat-vergab-auftraege-an-fachunternehmen","status":"publish","type":"post","link":"https:\/\/www.fuldaernachrichten.de\/?p=161790","title":{"rendered":"Archiv wird digital Magistrat vergab Auftr\u00e4ge an Fachunternehmen"},"content":{"rendered":"<p>Die Digitalisierung des H\u00fcnfelder Stadtarchivs schreitet weiter voran. Der Magistrat der Stadt H\u00fcnfeld hat nach Angaben von B\u00fcrgermeister Stefan Schwenk jetzt den Auftrag f\u00fcr laufende Digitalisierungsarbeiten bis 2022 an ein Fachunternehmen vergeben.<\/p>\n<p>Im Rahmen des Auftrages ist die laufende Digitalisierung von Archivalien im DIN A4- und DIN A3-Format aus Sachmappen und Akten vorgesehen. Au\u00dferdem sollen Fotos und Druckerzeugnisse weiterhin auch digital gesichert werden. Einmal pro Jahr ist dar\u00fcber hinaus eine Mikroverfilmung der digitalen Archivalien vorgesehen, um sie dauerhaft zu sichern. Das Stadtarchiv rechnet mit j\u00e4hrlichen Kosten f\u00fcr die Digitalisierung von rund 5.000 Euro.<\/p>\n<p>Neben der gesetzlichen Pflichtaufgabe zur Archivierung von Akten und Vorg\u00e4ngen umfasst das Stadtarchiv mittlerweile eine umfangreiche Sammlung von Druckerzeugnissen, historischen Fotos und Bildern aus der vergangenen Zeit und Gegenwart, Druckerzeugnissen aller Art und Dokumentationen \u00fcber das Stadtgeschehen in Medien und anderen Ver\u00f6ffentlichungen. Diese Archivalien werden nicht nur von Heimat- und Kulturvereinen, sondern auch von Studenten im Rahmen von Forschungsprojekten und von B\u00fcrgern genutzt, die mehr \u00fcber die Vergangenheit ihrer Familien oder ihre Herkunft erfahren wollen. Auch f\u00fcr Firmen, f\u00fcr Journalistenf\u00fcr Stadtplaner oder f\u00fcr Vereine, die Chroniken erstellen, ist das Archiv immer wieder eine wertvolle Fundquelle. 2011 war das H\u00fcnfelder Stadtarchiv mit dem Hessischen Archivpreis f\u00fcr seine Qualit\u00e4t ausgezeichnet worden.<\/p>\n<p>Das Archiv ist auch immer auf der Suche nach weiteren alten Fotos mit Stadt- und Stadtteilansichten oder anderen Unterlagen, die Informationen zu H\u00fcnfeld und seinen Stadtteilen enthalten.<\/p>\n","protected":false},"excerpt":{"rendered":"<div class=\"tmnf_excerpt\"><p>Die Digitalisierung des H\u00fcnfelder Stadtarchivs schreitet weiter voran. Der Magistrat der Stadt H\u00fcnfeld hat nach Angaben von B\u00fcrgermeister Stefan Schwenk jetzt den Auftrag f\u00fcr laufende Digitalisierungsarbeiten bis 2022 an ein Fachunternehmen vergeben. Im Rahmen des Auftrages ist die laufende Digitalisierung von Archivalien im DIN A4- und DIN A3-Format aus Sachmappen und Akten vorgesehen. Au\u00dferdem sollen &hellip;<\/p>\n<\/div>","protected":false},"author":1,"featured_media":0,"comment_status":"closed","ping_status":"closed","sticky":false,"template":"","format":"standard","meta":{"footnotes":""},"categories":[1],"tags":[],"class_list":["post-161790","post","type-post","status-publish","format-standard","hentry","category-startseite"],"_links":{"self":[{"href":"https:\/\/www.fuldaernachrichten.de\/index.php?rest_route=\/wp\/v2\/posts\/161790","targetHints":{"allow":["GET"]}}],"collection":[{"href":"https:\/\/www.fuldaernachrichten.de\/index.php?rest_route=\/wp\/v2\/posts"}],"about":[{"href":"https:\/\/www.fuldaernachrichten.de\/index.php?rest_route=\/wp\/v2\/types\/post"}],"author":[{"embeddable":true,"href":"https:\/\/www.fuldaernachrichten.de\/index.php?rest_route=\/wp\/v2\/users\/1"}],"replies":[{"embeddable":true,"href":"https:\/\/www.fuldaernachrichten.de\/index.php?rest_route=%2Fwp%2Fv2%2Fcomments&post=161790"}],"version-history":[{"count":1,"href":"https:\/\/www.fuldaernachrichten.de\/index.php?rest_route=\/wp\/v2\/posts\/161790\/revisions"}],"predecessor-version":[{"id":161792,"href":"https:\/\/www.fuldaernachrichten.de\/index.php?rest_route=\/wp\/v2\/posts\/161790\/revisions\/161792"}],"wp:attachment":[{"href":"https:\/\/www.fuldaernachrichten.de\/index.php?rest_route=%2Fwp%2Fv2%2Fmedia&parent=161790"}],"wp:term":[{"taxonomy":"category","embeddable":true,"href":"https:\/\/www.fuldaernachrichten.de\/index.php?rest_route=%2Fwp%2Fv2%2Fcategories&post=161790"},{"taxonomy":"post_tag","embeddable":true,"href":"https:\/\/www.fuldaernachrichten.de\/index.php?rest_route=%2Fwp%2Fv2%2Ftags&post=161790"}],"curies":[{"name":"wp","href":"https:\/\/api.w.org\/{rel}","templated":true}]}}