{"id":161764,"date":"2017-04-02T21:36:35","date_gmt":"2017-04-02T19:36:35","guid":{"rendered":"http:\/\/www.fuldaer-nachrichten.de\/?p=161764"},"modified":"2017-04-02T21:36:35","modified_gmt":"2017-04-02T19:36:35","slug":"heilpraktiker-praxis-in-rasdorf-eroeffnet","status":"publish","type":"post","link":"https:\/\/www.fuldaernachrichten.de\/?p=161764","title":{"rendered":"Heilpraktiker \u2013 Praxis in Rasdorf er\u00f6ffnet"},"content":{"rendered":"<p>Die Heilpraktikerin Katja Geistlinger hat ihre neue Praxis in der Ortsmitte Am Anger 11 in Rasdorf er\u00f6ffnet. Die zahlreichen Besucher hatten nicht nur die M\u00f6glichkeit die Praxisr\u00e4ume zu besichtigen und mit Katja Geistlinger zu sprechen, sondern wurden auch \u00fcber ihr Therapiekonzept unterrichtet. Durch ihre 25j\u00e4hrige Berufserfahrung als Physiotherapeutin und die fundierte Ausbildung an der Deutschen Heilpraktiker Schule in Fulda bietet sich den Patienten ein breites Spektrum an differenzierten Untersuchungs- und Behandlungsmethoden um K\u00f6rper, Geist und Seele in Einklang zu bringen und wieder zu Gesundheit, Kraft und Fitness zu finden.<\/p>\n<p>Wichtige Behandlungsmethoden sind unter anderem die hochaktuelle Faszien &#8211; Technik (Faszien sind d\u00fcnne Gewebeh\u00e4ute, die alle Muskeln, Knochen und Organe umh\u00fcllen und \u00fcber Gewebestr\u00e4nge miteinander vielf\u00e4ltig verbunden sind), die sanfte Wirbeltherapie nach Dorn, die orthomolekulare Ern\u00e4hrung, St\u00f6rfeldbehandlung und Akkupunktur.<\/p>\n<p>Basierend auf einem detaillierten Befund und zus\u00e4tzlicher Untersuchungen durch ein renommiertes Labor, wird die Ursache der Erkrankung so ganzheitlich wie m\u00f6glich und nicht nur symptomatisch behandelt.<\/p>\n<p>Mit einem pers\u00f6nlichen Behandlungsplan und emphatischer Begleitung, wird den Patientinnen und Patienten der Weg zur Gesundheit und zum Wohlbefinden er\u00f6ffnet, wobei die Behandlung u.a. durch ansteigende Fu\u00dfb\u00e4der, Fu\u00dfreflexzonentherapie und entspannende Massagen gest\u00fctzt wird. Wichtiger Bestandteil jeder Behandlung ist das L\u00f6sen aller Blockaden am K\u00f6rper, um den Patienten m\u00f6glichst schnell von diesen Belastungen zu befreien, da sich hier nicht nur k\u00f6rperliche, sondern auch emotionale St\u00f6rungen manifestieren k\u00f6nnen.<br \/>\nFeinstofflich wird die Behandlung hom\u00f6opathisch sowie mit Bachbl\u00fcten und Sch\u00fcsslersalzen begleitet.<\/p>\n<p>Wichtige Behandlungsschwerpunkte sind alle akuten und degenerativen Erkrankungen des Bewegungsapparates, Allergien, Schw\u00e4chen des Immunsystems, chronische Atemwegs- und Herzkreislauferkrankungen, sowie chronisch entz\u00fcndliche Darmerkrankungen, Ersch\u00f6pfungszust\u00e4nde, Aufmerksamkeits- und Konzentrationsst\u00f6rungen, Schlafst\u00f6rungen, Schwindel und Kopfschmerzen. Raucherentw\u00f6hnung und Gewichtsreduktion wird ebenfalls angeboten.<\/p>\n<p>Ab dem 12.04.2017 findet ein intensiv begleitetes Heilfasten in der Gruppe statt, zu dem man sich bereits jetzt schon anmelden kann.<\/p>\n<p>Die Praxis ist zu erreichen unter: mobil \u2013 0176 84009372; per Mail \u2013 katja.geistlinger@online.de<\/p>\n","protected":false},"excerpt":{"rendered":"<div class=\"tmnf_excerpt\"><p>Die Heilpraktikerin Katja Geistlinger hat ihre neue Praxis in der Ortsmitte Am Anger 11 in Rasdorf er\u00f6ffnet. Die zahlreichen Besucher hatten nicht nur die M\u00f6glichkeit die Praxisr\u00e4ume zu besichtigen und mit Katja Geistlinger zu sprechen, sondern wurden auch \u00fcber ihr Therapiekonzept unterrichtet. Durch ihre 25j\u00e4hrige Berufserfahrung als Physiotherapeutin und die fundierte Ausbildung an der Deutschen &hellip;<\/p>\n<\/div>","protected":false},"author":1,"featured_media":161767,"comment_status":"closed","ping_status":"closed","sticky":false,"template":"","format":"standard","meta":{"footnotes":""},"categories":[1],"tags":[],"class_list":["post-161764","post","type-post","status-publish","format-standard","has-post-thumbnail","hentry","category-startseite"],"_links":{"self":[{"href":"https:\/\/www.fuldaernachrichten.de\/index.php?rest_route=\/wp\/v2\/posts\/161764","targetHints":{"allow":["GET"]}}],"collection":[{"href":"https:\/\/www.fuldaernachrichten.de\/index.php?rest_route=\/wp\/v2\/posts"}],"about":[{"href":"https:\/\/www.fuldaernachrichten.de\/index.php?rest_route=\/wp\/v2\/types\/post"}],"author":[{"embeddable":true,"href":"https:\/\/www.fuldaernachrichten.de\/index.php?rest_route=\/wp\/v2\/users\/1"}],"replies":[{"embeddable":true,"href":"https:\/\/www.fuldaernachrichten.de\/index.php?rest_route=%2Fwp%2Fv2%2Fcomments&post=161764"}],"version-history":[{"count":1,"href":"https:\/\/www.fuldaernachrichten.de\/index.php?rest_route=\/wp\/v2\/posts\/161764\/revisions"}],"predecessor-version":[{"id":161768,"href":"https:\/\/www.fuldaernachrichten.de\/index.php?rest_route=\/wp\/v2\/posts\/161764\/revisions\/161768"}],"wp:featuredmedia":[{"embeddable":true,"href":"https:\/\/www.fuldaernachrichten.de\/index.php?rest_route=\/wp\/v2\/media\/161767"}],"wp:attachment":[{"href":"https:\/\/www.fuldaernachrichten.de\/index.php?rest_route=%2Fwp%2Fv2%2Fmedia&parent=161764"}],"wp:term":[{"taxonomy":"category","embeddable":true,"href":"https:\/\/www.fuldaernachrichten.de\/index.php?rest_route=%2Fwp%2Fv2%2Fcategories&post=161764"},{"taxonomy":"post_tag","embeddable":true,"href":"https:\/\/www.fuldaernachrichten.de\/index.php?rest_route=%2Fwp%2Fv2%2Ftags&post=161764"}],"curies":[{"name":"wp","href":"https:\/\/api.w.org\/{rel}","templated":true}]}}