{"id":161761,"date":"2017-04-02T21:35:39","date_gmt":"2017-04-02T19:35:39","guid":{"rendered":"http:\/\/www.fuldaer-nachrichten.de\/?p=161761"},"modified":"2017-04-02T21:35:39","modified_gmt":"2017-04-02T19:35:39","slug":"qualifizierung-als-tagemuttertagesvater-noch-freie-plaetze-fuer-neuen-qualifizierungskurs","status":"publish","type":"post","link":"https:\/\/www.fuldaernachrichten.de\/?p=161761","title":{"rendered":"Qualifizierung als Tagemutter\/Tagesvater &#8211; Noch freie Pl\u00e4tze f\u00fcr neuen Qualifizierungskurs"},"content":{"rendered":"<p>Kinder in ihrer Entwicklung begleiten, ihnen das Sammeln eigener Erfahrungen erm\u00f6glichen und gemeinsam die Welt entdecken: Diese Aufgaben und viele weitere \u00fcbernehmen Kindertagespflegepersonen jeden Tag.<\/p>\n<p>F\u00fcr Interessenten an einer T\u00e4tigkeit als Tagesmutter oder Tagesvater findet am Donnerstag, 6. April, um 10 Uhr eine Informationsveranstaltung in die Volkshochschule des Landkreises Fulda, Gallasiniring 1, Raum E0, statt. Die neue Qualifikation f\u00fcr Kindertagespflegepersonen in Stadt und Landkreis Fulda beginnt im Mai 2017. Es  sind noch einige Pl\u00e4tze frei. Anmeldungen f\u00fcr die Infoveranstaltung bitte an Kerstin Hohmann, Fachstelle Kindertagespflege, Telefon (0661)6006-328 oder E-Mail tagespflege@landkreis-fulda.de, richten.<\/p>\n","protected":false},"excerpt":{"rendered":"<div class=\"tmnf_excerpt\"><p>Kinder in ihrer Entwicklung begleiten, ihnen das Sammeln eigener Erfahrungen erm\u00f6glichen und gemeinsam die Welt entdecken: Diese Aufgaben und viele weitere \u00fcbernehmen Kindertagespflegepersonen jeden Tag. F\u00fcr Interessenten an einer T\u00e4tigkeit als Tagesmutter oder Tagesvater findet am Donnerstag, 6. April, um 10 Uhr eine Informationsveranstaltung in die Volkshochschule des Landkreises Fulda, Gallasiniring 1, Raum E0, statt. &hellip;<\/p>\n<\/div>","protected":false},"author":1,"featured_media":0,"comment_status":"closed","ping_status":"closed","sticky":false,"template":"","format":"standard","meta":{"footnotes":""},"categories":[1],"tags":[],"class_list":["post-161761","post","type-post","status-publish","format-standard","hentry","category-startseite"],"_links":{"self":[{"href":"https:\/\/www.fuldaernachrichten.de\/index.php?rest_route=\/wp\/v2\/posts\/161761","targetHints":{"allow":["GET"]}}],"collection":[{"href":"https:\/\/www.fuldaernachrichten.de\/index.php?rest_route=\/wp\/v2\/posts"}],"about":[{"href":"https:\/\/www.fuldaernachrichten.de\/index.php?rest_route=\/wp\/v2\/types\/post"}],"author":[{"embeddable":true,"href":"https:\/\/www.fuldaernachrichten.de\/index.php?rest_route=\/wp\/v2\/users\/1"}],"replies":[{"embeddable":true,"href":"https:\/\/www.fuldaernachrichten.de\/index.php?rest_route=%2Fwp%2Fv2%2Fcomments&post=161761"}],"version-history":[{"count":1,"href":"https:\/\/www.fuldaernachrichten.de\/index.php?rest_route=\/wp\/v2\/posts\/161761\/revisions"}],"predecessor-version":[{"id":161765,"href":"https:\/\/www.fuldaernachrichten.de\/index.php?rest_route=\/wp\/v2\/posts\/161761\/revisions\/161765"}],"wp:attachment":[{"href":"https:\/\/www.fuldaernachrichten.de\/index.php?rest_route=%2Fwp%2Fv2%2Fmedia&parent=161761"}],"wp:term":[{"taxonomy":"category","embeddable":true,"href":"https:\/\/www.fuldaernachrichten.de\/index.php?rest_route=%2Fwp%2Fv2%2Fcategories&post=161761"},{"taxonomy":"post_tag","embeddable":true,"href":"https:\/\/www.fuldaernachrichten.de\/index.php?rest_route=%2Fwp%2Fv2%2Ftags&post=161761"}],"curies":[{"name":"wp","href":"https:\/\/api.w.org\/{rel}","templated":true}]}}