{"id":161747,"date":"2017-04-02T21:33:28","date_gmt":"2017-04-02T19:33:28","guid":{"rendered":"http:\/\/www.fuldaer-nachrichten.de\/?p=161747"},"modified":"2017-04-02T21:33:28","modified_gmt":"2017-04-02T19:33:28","slug":"projekt-lets-go-familien-kids-und-kitas-zweite-fortbildung","status":"publish","type":"post","link":"https:\/\/www.fuldaernachrichten.de\/?p=161747","title":{"rendered":"Projekt \u201eLet\u00c2\u00b4s go \u2013 Familien, Kids und Kitas\u201c \/ Zweite Fortbildung"},"content":{"rendered":"<p>Freie Bewegung und freies Naturerleben stehen bei den Wanderungen im Projekt \u201eLet\u00c2\u00b4s go \u2013 Familien, Kids und Kitas\u201c des Deutschen Wanderverbandes im Vordergrund. Ebenfalls beliebt sind Bewegungs- und Naturerlebnisspiele. Das hat die Auswertung von Wanderungen im Rahmen des Projekts jetzt ergeben. Dieses und weitere Ergebnisse aus dem F\u00f6rderprojekt des Bundesministeriums f\u00fcr Gesundheit (BMG) werden am 19. September 2017 auf einem Symposium in Kassel vorgestellt.<\/p>\n<p>Das Projekt des Deutschen Wanderverbandes (DWV) \u201eLet\u00c2\u00b4s go \u2013 Familien, Kids und Kitas\u201c f\u00f6rdert die Bewegung von Kindern zwischen drei und sechs Jahren und Familien , um durch Bewegungsmangel bedingten St\u00f6rungen und Erkrankungen wie der Adipositas vorzubeugen. DWV- Gesch\u00e4ftsf\u00fchrerin Ute Dicks: \u201eWandern ist die Kernkompetenz des Deutschen Wanderverbandes. Kindern und Familien die fr\u00fchzeitige Freude an der Bewegung in der Natur zu vermitteln, ist zentraler Inhalt des Projekts.\u201c Daf\u00fcr arbeiten seit Oktober 2016 Familien- und Ortsgruppen von Wandervereinen mit Kinderg\u00e4rten und Kindertagesst\u00e4tten (Kitas) in vier Modell-Tandems zusammen. Einmal w\u00f6chentlich finden gemeinsame Wanderungen in den Kitas statt, einmal im Monat gibt es Wanderungen f\u00fcr alle im Projekt beteiligten Familien. Erprobt werden die Modelle in vier Bundesl\u00e4ndern in den Orten Bad Schmiedeberg, Klingenthal, Oberelsbach und Plochingen.<\/p>\n<p>Vom 24. bis 26. M\u00e4rz 2017 kamen 20 Akteure aus den vier Modelltandems auf Schloss Buchenau in der Rh\u00f6n f\u00fcr den zweiten Teil einer Fortbildung zusammen. Schwerpunkt war der Erfahrungsaustausch: \u201eEs ist toll zu sehen, dass in allen Tandems Familienwandergruppen und Kindertagesst\u00e4tten so gut zusammenarbeiten \u2013 und dass alle mit viel Engagement dabei sind\u201c, so ein Fazit aus der Runde der Teilnehmer\/-innen. Der erste Teil der Fortbildung hatte in den einzelnen Regionen stattgefunden. Dort wurden Grundlagen zum Wandern und zur Bewegungsf\u00f6rderung sowie zu den Themen Naturerlebnis und gesunde Ern\u00e4hrung vermittelt. Au\u00dferdem wurde die Zusammenarbeit der Akteure vor Ort gest\u00e4rkt.<\/p>\n<p>Auf einem bundesweiten Fachsymposium, das am 19. September 2017 in Kassel stattfindet, werden die Ergebnisse und Erfahrungen aus dem Projekt vorgestellt. Hier werden die gesundheitspr\u00e4ventiven Aspekte des Wanderns f\u00fcr und mit Kindergartenkindern im Mittelpunkt stehen. Au\u00dferdem beantworten renommierte Experten aus Wissenschaft und Praxis Fragen nach einem erfolgreichen Aufbau dauerhafter Kooperationen und entsprechenden Finanzierungsm\u00f6glichkeiten. Bitte heute schon den Termin vormerken.<\/p>\n","protected":false},"excerpt":{"rendered":"<div class=\"tmnf_excerpt\"><p>Freie Bewegung und freies Naturerleben stehen bei den Wanderungen im Projekt \u201eLet\u00c2\u00b4s go \u2013 Familien, Kids und Kitas\u201c des Deutschen Wanderverbandes im Vordergrund. Ebenfalls beliebt sind Bewegungs- und Naturerlebnisspiele. Das hat die Auswertung von Wanderungen im Rahmen des Projekts jetzt ergeben. Dieses und weitere Ergebnisse aus dem F\u00f6rderprojekt des Bundesministeriums f\u00fcr Gesundheit (BMG) werden am &hellip;<\/p>\n<\/div>","protected":false},"author":1,"featured_media":0,"comment_status":"closed","ping_status":"closed","sticky":false,"template":"","format":"standard","meta":{"footnotes":""},"categories":[1],"tags":[],"class_list":["post-161747","post","type-post","status-publish","format-standard","hentry","category-startseite"],"_links":{"self":[{"href":"https:\/\/www.fuldaernachrichten.de\/index.php?rest_route=\/wp\/v2\/posts\/161747","targetHints":{"allow":["GET"]}}],"collection":[{"href":"https:\/\/www.fuldaernachrichten.de\/index.php?rest_route=\/wp\/v2\/posts"}],"about":[{"href":"https:\/\/www.fuldaernachrichten.de\/index.php?rest_route=\/wp\/v2\/types\/post"}],"author":[{"embeddable":true,"href":"https:\/\/www.fuldaernachrichten.de\/index.php?rest_route=\/wp\/v2\/users\/1"}],"replies":[{"embeddable":true,"href":"https:\/\/www.fuldaernachrichten.de\/index.php?rest_route=%2Fwp%2Fv2%2Fcomments&post=161747"}],"version-history":[{"count":1,"href":"https:\/\/www.fuldaernachrichten.de\/index.php?rest_route=\/wp\/v2\/posts\/161747\/revisions"}],"predecessor-version":[{"id":161755,"href":"https:\/\/www.fuldaernachrichten.de\/index.php?rest_route=\/wp\/v2\/posts\/161747\/revisions\/161755"}],"wp:attachment":[{"href":"https:\/\/www.fuldaernachrichten.de\/index.php?rest_route=%2Fwp%2Fv2%2Fmedia&parent=161747"}],"wp:term":[{"taxonomy":"category","embeddable":true,"href":"https:\/\/www.fuldaernachrichten.de\/index.php?rest_route=%2Fwp%2Fv2%2Fcategories&post=161747"},{"taxonomy":"post_tag","embeddable":true,"href":"https:\/\/www.fuldaernachrichten.de\/index.php?rest_route=%2Fwp%2Fv2%2Ftags&post=161747"}],"curies":[{"name":"wp","href":"https:\/\/api.w.org\/{rel}","templated":true}]}}