{"id":161745,"date":"2017-04-02T21:33:41","date_gmt":"2017-04-02T19:33:41","guid":{"rendered":"http:\/\/www.fuldaer-nachrichten.de\/?p=161745"},"modified":"2017-04-02T21:33:41","modified_gmt":"2017-04-02T19:33:41","slug":"54-landeswettbewerb-jugend-musiziert-schueler-der-musikschule-fulda-erfolgreich","status":"publish","type":"post","link":"https:\/\/www.fuldaernachrichten.de\/?p=161745","title":{"rendered":"54. Landeswettbewerb \u201eJugend musiziert\u201c &#8211; Sch\u00fcler der Musikschule Fulda erfolgreich"},"content":{"rendered":"<p>F\u00fcnf Sch\u00fclerinnen und Sch\u00fcler der Musikschule der Stadt Fulda sind beim 54. Landeswettbewerb \u201eJugend Musiziert\u201c in der Landesmusikakademie in Schlitz aufgetreten \u2013 und haben dabei 1., 2. Und 3. Preise errungen, zum Teil sogar mit Weiterleitung zum Bundeswettbewerb. <\/p>\n<p>Cornelia Baumbach (Klavier; Klasse Maja Zirkunow) hat zum ersten Mal am Landeswettbewerb teilgenommen und dabei 18 Punkte (3. Preis) erreicht. \u201eIch will im n\u00e4chsten Jahr beim Wettbewerb auf jeden Fall wieder dabei sein\u201c, sagte die Sch\u00fclerin. In der Kategorie \u201eStreicher-Ensemble\u201c traten Johannes Kollmann und Daniel Bretz (Violine; Klasse Martina Wolf) als Violin-Duo auf und ergatterten 20 Punkte (2. Preis). \u201eDas Coolste ist\u201c, findet Johannes, \u201ewenn man zusammenspielt, ohne einander zu sehen.\u201c <\/p>\n<p>In die n\u00e4chste Runde zum Bundeswettbewerb geht es f\u00fcr Jana Kisner (Klavier; Klasse Maja Zirkunow): Mit 23 Punkten und dem 1. Platz konnte sie die Juroren \u00fcberzeugen. Mit ihrer Interpretation der Liszt-Et\u00fcde \u201eUn sospiro\u201c durfte sie die Urkunden\u00fcbergabe in Schlitz umrahmen. <\/p>\n<p>Anton L\u00f6bens (Klavier; Klasse Maja Zirkunow) reist nun bereits zum dritten Mal zum Bundesentscheid, nachdem er im Jahr 2015 einen 1. Bundespreis an der Kirchenorgel und im Jahr 2016 am Cello mit sehr gutem Erfolg erwerben konnte. \u201eEs ist ein sch\u00f6nes Ziel, was mich immer wieder zum \u00dcben motiviert\u201c, sagte er \u2013 und mit 23 Punkten und dem 1. Platz hat der 17-j\u00e4hrige Musiker aus Burghaun das eindeutig unter Beweis gestellt.<\/p>\n","protected":false},"excerpt":{"rendered":"<div class=\"tmnf_excerpt\"><p>F\u00fcnf Sch\u00fclerinnen und Sch\u00fcler der Musikschule der Stadt Fulda sind beim 54. Landeswettbewerb \u201eJugend Musiziert\u201c in der Landesmusikakademie in Schlitz aufgetreten \u2013 und haben dabei 1., 2. Und 3. Preise errungen, zum Teil sogar mit Weiterleitung zum Bundeswettbewerb. Cornelia Baumbach (Klavier; Klasse Maja Zirkunow) hat zum ersten Mal am Landeswettbewerb teilgenommen und dabei 18 Punkte &hellip;<\/p>\n<\/div>","protected":false},"author":1,"featured_media":161753,"comment_status":"closed","ping_status":"closed","sticky":false,"template":"","format":"standard","meta":{"footnotes":""},"categories":[1],"tags":[],"class_list":["post-161745","post","type-post","status-publish","format-standard","has-post-thumbnail","hentry","category-startseite"],"_links":{"self":[{"href":"https:\/\/www.fuldaernachrichten.de\/index.php?rest_route=\/wp\/v2\/posts\/161745","targetHints":{"allow":["GET"]}}],"collection":[{"href":"https:\/\/www.fuldaernachrichten.de\/index.php?rest_route=\/wp\/v2\/posts"}],"about":[{"href":"https:\/\/www.fuldaernachrichten.de\/index.php?rest_route=\/wp\/v2\/types\/post"}],"author":[{"embeddable":true,"href":"https:\/\/www.fuldaernachrichten.de\/index.php?rest_route=\/wp\/v2\/users\/1"}],"replies":[{"embeddable":true,"href":"https:\/\/www.fuldaernachrichten.de\/index.php?rest_route=%2Fwp%2Fv2%2Fcomments&post=161745"}],"version-history":[{"count":1,"href":"https:\/\/www.fuldaernachrichten.de\/index.php?rest_route=\/wp\/v2\/posts\/161745\/revisions"}],"predecessor-version":[{"id":161757,"href":"https:\/\/www.fuldaernachrichten.de\/index.php?rest_route=\/wp\/v2\/posts\/161745\/revisions\/161757"}],"wp:featuredmedia":[{"embeddable":true,"href":"https:\/\/www.fuldaernachrichten.de\/index.php?rest_route=\/wp\/v2\/media\/161753"}],"wp:attachment":[{"href":"https:\/\/www.fuldaernachrichten.de\/index.php?rest_route=%2Fwp%2Fv2%2Fmedia&parent=161745"}],"wp:term":[{"taxonomy":"category","embeddable":true,"href":"https:\/\/www.fuldaernachrichten.de\/index.php?rest_route=%2Fwp%2Fv2%2Fcategories&post=161745"},{"taxonomy":"post_tag","embeddable":true,"href":"https:\/\/www.fuldaernachrichten.de\/index.php?rest_route=%2Fwp%2Fv2%2Ftags&post=161745"}],"curies":[{"name":"wp","href":"https:\/\/api.w.org\/{rel}","templated":true}]}}