{"id":161725,"date":"2017-04-02T21:30:23","date_gmt":"2017-04-02T19:30:23","guid":{"rendered":"http:\/\/www.fuldaer-nachrichten.de\/?p=161725"},"modified":"2017-04-02T21:30:23","modified_gmt":"2017-04-02T19:30:23","slug":"tierschutzrechtliche-voraussetzungen-fuer-wiedereroeffnung-in-den-osterferien-gegeben","status":"publish","type":"post","link":"https:\/\/www.fuldaernachrichten.de\/?p=161725","title":{"rendered":"Tierschutzrechtliche Voraussetzungen f\u00fcr Wiederer\u00f6ffnung in den Osterferien gegeben"},"content":{"rendered":"<p>Gute Nachricht kurz vor den Osterferien: Der Heimattiergarten in Fulda-Neuenberg wird zum 8. April wieder \u00f6ffnen. Die Veterin\u00e4rbeh\u00f6rde des Landkreises hat dem Verein Heimattiergarten Fulda jetzt die Betriebserlaubnis erteilt.<\/p>\n<p>Wie Erster Kreisbeigeordneter Frederik Schmitt betont, h\u00e4tten sich die Haltungsbedingungen im Heimattiergarten deutlich verbessert. Dringend notwendige Ma\u00dfnahmen wie eine Reduzierung des Tierbestands, die Abgabe von Exotenarten sowie die Errichtung von neuen Vogelvolieren und Gehegen, die das Veterin\u00e4ramt aufgrund wiederholt festgestellter M\u00e4ngel gefordert habe, seien umgesetzt worden. Auch Fuldas Oberb\u00fcrgermeister Dr. Heiko Wingenfeld zeigt sich \u00fcber die nun m\u00f6gliche Wiederer\u00f6ffnung des Heimattiergartens erfreut: \u201eVielen Menschen in der Stadt Fulda und der ganzen Region liegt der Heimattiergarten am Herzen. Insbesondere f\u00fcr Kinder und Tiere muss die heimische Tierwelt erlebbar bleiben. Ich hoffe, dass m\u00f6glichst viele Besucher auch in Zukunft dieses Angebot nutzen werden.\u201c<\/p>\n<p>Die Veterin\u00e4rbeh\u00f6rde hat dem Verein Heimattiergarten Fulda eine Erlaubnis zur Schaustellung von Tieren unter Auflagen erteilt. So m\u00fcssen der Veterin\u00e4rbeh\u00f6rde im Voraus eine Erh\u00f6hung des Tierbestands, die Umquartierung von Tieren sowie die Neuerrichtung von K\u00e4figen und Gehegen angezeigt werden. Auch ist in mindestens halbj\u00e4hrlichem Abstand der gesamte Tierbestand einem Tierarzt zur klinischen Untersuchung vorzustellen. Dar\u00fcber hinaus sind ein Tierbestandsbuch und eine Dokumentation \u00fcber die t\u00e4glichen Kontrollen der Haltungseinrichtungen sowie des Wohlbefindens und Gesundheitszustands der Tiere zu f\u00fchren. Au\u00dferdem schreibt der Bescheid Sachkundenachweise und regelm\u00e4\u00dfige Fortbildungen im Abstand von maximal sechs Wochen der mit der Betreuung der Tiere befassten Personen vor. Die Erlaubnis ist zun\u00e4chst bis zum 31. Dezember 2017 befristet.<\/p>\n","protected":false},"excerpt":{"rendered":"<div class=\"tmnf_excerpt\"><p>Gute Nachricht kurz vor den Osterferien: Der Heimattiergarten in Fulda-Neuenberg wird zum 8. April wieder \u00f6ffnen. Die Veterin\u00e4rbeh\u00f6rde des Landkreises hat dem Verein Heimattiergarten Fulda jetzt die Betriebserlaubnis erteilt. Wie Erster Kreisbeigeordneter Frederik Schmitt betont, h\u00e4tten sich die Haltungsbedingungen im Heimattiergarten deutlich verbessert. Dringend notwendige Ma\u00dfnahmen wie eine Reduzierung des Tierbestands, die Abgabe von Exotenarten &hellip;<\/p>\n<\/div>","protected":false},"author":1,"featured_media":161736,"comment_status":"closed","ping_status":"closed","sticky":false,"template":"","format":"standard","meta":{"footnotes":""},"categories":[1],"tags":[],"class_list":["post-161725","post","type-post","status-publish","format-standard","has-post-thumbnail","hentry","category-startseite"],"_links":{"self":[{"href":"https:\/\/www.fuldaernachrichten.de\/index.php?rest_route=\/wp\/v2\/posts\/161725","targetHints":{"allow":["GET"]}}],"collection":[{"href":"https:\/\/www.fuldaernachrichten.de\/index.php?rest_route=\/wp\/v2\/posts"}],"about":[{"href":"https:\/\/www.fuldaernachrichten.de\/index.php?rest_route=\/wp\/v2\/types\/post"}],"author":[{"embeddable":true,"href":"https:\/\/www.fuldaernachrichten.de\/index.php?rest_route=\/wp\/v2\/users\/1"}],"replies":[{"embeddable":true,"href":"https:\/\/www.fuldaernachrichten.de\/index.php?rest_route=%2Fwp%2Fv2%2Fcomments&post=161725"}],"version-history":[{"count":1,"href":"https:\/\/www.fuldaernachrichten.de\/index.php?rest_route=\/wp\/v2\/posts\/161725\/revisions"}],"predecessor-version":[{"id":161741,"href":"https:\/\/www.fuldaernachrichten.de\/index.php?rest_route=\/wp\/v2\/posts\/161725\/revisions\/161741"}],"wp:featuredmedia":[{"embeddable":true,"href":"https:\/\/www.fuldaernachrichten.de\/index.php?rest_route=\/wp\/v2\/media\/161736"}],"wp:attachment":[{"href":"https:\/\/www.fuldaernachrichten.de\/index.php?rest_route=%2Fwp%2Fv2%2Fmedia&parent=161725"}],"wp:term":[{"taxonomy":"category","embeddable":true,"href":"https:\/\/www.fuldaernachrichten.de\/index.php?rest_route=%2Fwp%2Fv2%2Fcategories&post=161725"},{"taxonomy":"post_tag","embeddable":true,"href":"https:\/\/www.fuldaernachrichten.de\/index.php?rest_route=%2Fwp%2Fv2%2Ftags&post=161725"}],"curies":[{"name":"wp","href":"https:\/\/api.w.org\/{rel}","templated":true}]}}